{"id":15494,"date":"2020-08-28T11:31:44","date_gmt":"2020-08-28T14:31:44","guid":{"rendered":"https:\/\/blogs.correiobraziliense.com.br\/vicente\/?p=15494"},"modified":"2020-08-28T12:13:40","modified_gmt":"2020-08-28T15:13:40","slug":"petrobras-aumenta-preco-do-gas-de-cozinha-em-5-distribuidoras-vao-repassar","status":"publish","type":"post","link":"https:\/\/blogs.correiobraziliense.com.br\/vicente\/petrobras-aumenta-preco-do-gas-de-cozinha-em-5-distribuidoras-vao-repassar\/","title":{"rendered":"Petrobras aumenta pre\u00e7o do g\u00e1s de cozinha em 5%. Distribuidoras v\u00e3o repassar"},"content":{"rendered":"<h2>Os consumidores podem preparar o bolso. A Petrobras confirmou, nesta sexta-feira (28\/08), mais um aumento no pre\u00e7o m\u00e9dio do g\u00e1s de cozinha (GLP), desta vez, de 5,0%. As distribuidoras j\u00e1 avisaram que v\u00e3o repassar a alta \u00e0 clientela.<\/h2>\n<p>&nbsp;<\/p>\n<p>Segundo a Petrobras,\u00a0 com o mais recente aumento, o pre\u00e7o m\u00e9dio do g\u00e1s de cozinha vendido pela Petrobras passar\u00e1 para R$ 29,27 por botij\u00e3o de 13kg. Para os consumidores, no entanto, o g\u00e1s pode variar entre R$ 80 e R$ 100, dependendo da regi\u00e3o do pa\u00eds.<\/p>\n<p>&nbsp;<\/p>\n<p>No acumulado do ano, o aumento do g\u00e1s de cozinha chega a 5,3%, ou R$ 1,47 por botij\u00e3o. No in\u00edcio do ano, o botij\u00e3o chegou a ter redu\u00e7\u00e3o de pre\u00e7o, mas, aos poucos, a Petrobras foi recompondo sua margem de lucro.<\/p>\n<p>&nbsp;<\/p>\n<p>A estatal informa que, desde novembro de 2019, igualou os pre\u00e7os do g\u00e1s de cozinha aos do g\u00e1s usado pela ind\u00fastria e pelo com\u00e9rcio. As distribuidoras s\u00e3o as respons\u00e1veis pelo envase em diferentes tipos de botij\u00e3o e, com as revendas, s\u00e3o respons\u00e1veis pelos pre\u00e7os ao consumidor final.<\/p>\n<p>&nbsp;<\/p>\n<p><em>Bras\u00edlia, 11h31min<\/em><\/p>\n","protected":false},"excerpt":{"rendered":"<p>Os consumidores podem preparar o bolso. A Petrobras confirmou, nesta sexta-feira (28\/08), mais um aumento no pre\u00e7o m\u00e9dio do g\u00e1s de cozinha (GLP), desta vez, de 5,0%. As distribuidoras j\u00e1 avisaram que v\u00e3o repassar a alta \u00e0 clientela. &nbsp; Segundo a Petrobras,\u00a0 com o mais recente aumento, o pre\u00e7o m\u00e9dio do g\u00e1s de cozinha vendido [&hellip;]<\/p>\n","protected":false},"author":22,"featured_media":12663,"comment_status":"open","ping_status":"closed","sticky":false,"template":"","format":"standard","meta":{"footnotes":""},"categories":[600],"tags":[133,4876,1173,228,269],"class_list":["post-15494","post","type-post","status-publish","format-standard","has-post-thumbnail","hentry","category-economia","tag-aumento","tag-distribuidoras","tag-gas-de-cozinha","tag-petrobras","tag-preco"],"_links":{"self":[{"href":"https:\/\/blogs.correiobraziliense.com.br\/vicente\/wp-json\/wp\/v2\/posts\/15494","targetHints":{"allow":["GET"]}}],"collection":[{"href":"https:\/\/blogs.correiobraziliense.com.br\/vicente\/wp-json\/wp\/v2\/posts"}],"about":[{"href":"https:\/\/blogs.correiobraziliense.com.br\/vicente\/wp-json\/wp\/v2\/types\/post"}],"author":[{"embeddable":true,"href":"https:\/\/blogs.correiobraziliense.com.br\/vicente\/wp-json\/wp\/v2\/users\/22"}],"replies":[{"embeddable":true,"href":"https:\/\/blogs.correiobraziliense.com.br\/vicente\/wp-json\/wp\/v2\/comments?post=15494"}],"version-history":[{"count":2,"href":"https:\/\/blogs.correiobraziliense.com.br\/vicente\/wp-json\/wp\/v2\/posts\/15494\/revisions"}],"predecessor-version":[{"id":15496,"href":"https:\/\/blogs.correiobraziliense.com.br\/vicente\/wp-json\/wp\/v2\/posts\/15494\/revisions\/15496"}],"wp:featuredmedia":[{"embeddable":true,"href":"https:\/\/blogs.correiobraziliense.com.br\/vicente\/wp-json\/wp\/v2\/media\/12663"}],"wp:attachment":[{"href":"https:\/\/blogs.correiobraziliense.com.br\/vicente\/wp-json\/wp\/v2\/media?parent=15494"}],"wp:term":[{"taxonomy":"category","embeddable":true,"href":"https:\/\/blogs.correiobraziliense.com.br\/vicente\/wp-json\/wp\/v2\/categories?post=15494"},{"taxonomy":"post_tag","embeddable":true,"href":"https:\/\/blogs.correiobraziliense.com.br\/vicente\/wp-json\/wp\/v2\/tags?post=15494"}],"curies":[{"name":"wp","href":"https:\/\/api.w.org\/{rel}","templated":true}]}}