{"id":15473,"date":"2020-08-26T15:42:52","date_gmt":"2020-08-26T18:42:52","guid":{"rendered":"https:\/\/blogs.correiobraziliense.com.br\/vicente\/?p=15473"},"modified":"2020-08-26T17:12:11","modified_gmt":"2020-08-26T20:12:11","slug":"ans-suspende-reajuste-de-planos-de-saude-de-quem-ja-teve-a-mensalidade-corrigida","status":"publish","type":"post","link":"https:\/\/blogs.correiobraziliense.com.br\/vicente\/ans-suspende-reajuste-de-planos-de-saude-de-quem-ja-teve-a-mensalidade-corrigida\/","title":{"rendered":"ANS suspende reajuste de planos de sa\u00fade de quem j\u00e1 teve a mensalidade corrigida"},"content":{"rendered":"<h2>Sob press\u00e3o total do presidente da C\u00e2mara dos Deputados, <a href=\"https:\/\/blogs.correiobraziliense.com.br\/vicente\/rodrigo-maia-toca-o-terror-e-diretoria-da-ans-entra-em-panico\/\">Rodrigo Maia<\/a>, e de boa parte do Parlamento, a Ag\u00eancia Nacional de Sa\u00fade Suplementar (ANS) divulgou nota para explicar como funcionar\u00e1 a suspens\u00e3o dos reajustes de planos de sa\u00fade no per\u00edodo de setembro a dezembro de 2020.<\/h2>\n<p>&nbsp;<\/p>\n<p>O principal esclarecimento \u00e9 o de que aqueles que j\u00e1 tiveram as mensalidades reajustadas neste ano ter\u00e3o os aumentos suspensos nos \u00faltimos quatro meses do ano. Ou seja, voltar\u00e3o a pagar o valor vigente antes da determina\u00e7\u00e3o da ag\u00eancia. N\u00e3o est\u00e1 previsto ressarcimento para as presta\u00e7\u00f5es j\u00e1 pagas com aumentos.<\/p>\n<p>&nbsp;<\/p>\n<p>Mas, como toda regra, h\u00e1 exce\u00e7\u00e3o: nos planos dos mais de 30 vidas, ou seja, os empresariais, que agregam boa parte\u00a0dos consumidores, os reajustes j\u00e1 feitos est\u00e3o mantidos.<\/p>\n<p>&nbsp;<\/p>\n<p>Mais: os reajustes suspensos neste ano ser\u00e3o realizados ao longo de 2021. Portanto, \u00e9 importante ficar atento a tudo o que for informado pelos planos de sa\u00fade, que est\u00e3o <a href=\"https:\/\/blogs.correiobraziliense.com.br\/vicente\/pessoas-com-mais-de-60-anos-sao-expulsas-de-planos-de-saude\/\">expulsando pessoas com mais de 60 anos<\/a>. A confus\u00e3o ser\u00e1 grande.<\/p>\n<p>&nbsp;<\/p>\n<p>Veja as explica\u00e7\u00f5es da ANS de acordo com as caracter\u00edsticas de cada plano. Fique atento. Na d\u00favida, ligue para sua operadora para esclarecer todas as d\u00favidas. Apesar da pandemia do novo coronav\u00edrus, <a href=\"https:\/\/blogs.correiobraziliense.com.br\/vicente\/apenas-quatro-planos-de-saude-lucraram-r-13-bi-no-2o-trimestre-do-ano-rodrigo-maia-esta-de-olho\/\">as empresas continuam lucrando muito<\/a>.<\/p>\n<p>&nbsp;<\/p>\n<p><strong>Para os planos coletivos por ades\u00e3o:<\/strong><\/p>\n<p><strong>\u2022 Com at\u00e9 29 vidas (agrupamento de contatos):<\/strong> o per\u00edodo de aplica\u00e7\u00e3o do reajuste 2020 \u00e9 de maio\/2020 a abril\/2021 e a operadora deve aplicar um \u00fanico percentual para todos os contratos que tenham at\u00e9 29 vidas. Para os contratos que j\u00e1 tiverem sido reajustados entre maio e agosto de 2020, a mensalidade acrescida do percentual de reajuste <strong>N\u00c3O PODER\u00c1 SER COBRADA<\/strong> nos meses de setembro a dezembro de 2020. Nesses meses, a mensalidade voltar\u00e1 a ter o valor cobrado pela operadora antes do reajuste 2020. Os contratos que ainda n\u00e3o tiverem sido reajustados n\u00e3o poder\u00e3o ter o percentual aplicado em 2020.<\/p>\n<p><strong>\u2022 Com 30 vidas ou mais:<\/strong> n\u00e3o existe data-base para aplica\u00e7\u00e3o de reajuste anual e o percentual \u00e9 negociado entre a pessoa jur\u00eddica contratante e a operadora\/administradora. Para os contratos que j\u00e1 tiverem sido reajustados entre janeiro e agosto de 2020, a mensalidade acrescida do percentual de reajuste <strong>N\u00c3O PODER\u00c1 SER COBRADA<\/strong> nos meses de setembro a dezembro de 2020. Nesses meses, a mensalidade voltar\u00e1 a ter o valor cobrado pela operadora antes do reajuste 2020.<\/p>\n<p>&nbsp;<\/p>\n<p><strong>Para os planos coletivos empresariais:<\/strong><\/p>\n<p><strong>\u2022 Com at\u00e9 29 vidas (agrupamento de contatos)<\/strong>: o per\u00edodo de aplica\u00e7\u00e3o do reajuste 2020 \u00e9 de maio\/2020 a abril\/2021 e a operadora deve aplicar um \u00fanico percentual para todos os contratos que tenham at\u00e9 29 vidas. Para os contratos que j\u00e1 foram reajustados entre maio e agosto de 2020, a mensalidade acrescida do percentual de reajuste <strong>N\u00c3O PODER\u00c1 SER COBRADA<\/strong> nos meses de setembro a dezembro de 2020. Nesses meses, a mensalidade voltar\u00e1 a ter o valor cobrado pela operadora antes do reajuste 2020. Os contratos que ainda n\u00e3o tiverem sido reajustados n\u00e3o poder\u00e3o ter o percentual aplicado em 2020.<\/p>\n<p><strong>\u2022 Com 30 vidas ou mais:<\/strong> n\u00e3o existe data-base para aplica\u00e7\u00e3o de reajuste anual e o percentual \u00e9 negociado entre a pessoa jur\u00eddica contratante e a operadora\/administradora. Nos casos em que os percentuais j\u00e1 tiverem sido negociados at\u00e9 31 de agosto de 2020, as mensalidades ser\u00e3o mantidas da forma acordada entre as partes e <strong>N\u00c3O HAVER\u00c1 SUSPENS\u00c3O<\/strong> de cobran\u00e7a de mensalidade reajustada nos meses de setembro a dezembro de 2020. Para os casos em que os percentuais n\u00e3o tiverem sido definidos, o percentual de reajuste <strong>N\u00c3O PODER\u00c1 SER APLICADO<\/strong> nos meses de setembro a dezembro de 2020. \u00c9 importante ressaltar que no caso dos planos com 30 ou mais vidas, a pessoa jur\u00eddica contratante poder\u00e1 optar por n\u00e3o ter o reajuste suspenso, se for do seu interesse, desde que a operadora fa\u00e7a uma consulta formal junto ao contratante. Caso contr\u00e1rio, o reajuste n\u00e3o poder\u00e1 ser aplicado nos meses de setembro a dezembro de 2020.<\/p>\n<p>&nbsp;<\/p>\n<p>A ANS destaca que para os planos coletivos com 30 vidas ou mais com anivers\u00e1rio contratual a partir de setembro de 2020 as negocia\u00e7\u00f5es entre pessoas jur\u00eddicas contratantes e operadoras devem ser mantidas normalmente para a defini\u00e7\u00e3o dos percentuais de reajuste, sendo certo que a cobran\u00e7a das respectivas mensalidades reajustadas apenas ocorrer\u00e1 a partir de janeiro de 2021.<\/p>\n<p>&nbsp;<\/p>\n<p>Segundo a ag\u00eancia, \u00e9 importante ficar claro, ainda, que, a partir de janeiro 2021, as cobran\u00e7as voltar\u00e3o a ser feitas considerando os percentuais de reajuste anual e de mudan\u00e7a de faixa et\u00e1ria para todos os contratados que j\u00e1 tiverem feito anivers\u00e1rio. A ANS informa que a recomposi\u00e7\u00e3o de valores n\u00e3o aplicados em 2020 ser\u00e1 realizada ao longo de 2021.<\/p>\n<p>&nbsp;<\/p>\n<p><em>Bras\u00edlia, 15h42min<\/em><\/p>\n","protected":false},"excerpt":{"rendered":"<p>Sob press\u00e3o total do presidente da C\u00e2mara dos Deputados, Rodrigo Maia, e de boa parte do Parlamento, a Ag\u00eancia Nacional de Sa\u00fade Suplementar (ANS) divulgou nota para explicar como funcionar\u00e1 a suspens\u00e3o dos reajustes de planos de sa\u00fade no per\u00edodo de setembro a dezembro de 2020. &nbsp; O principal esclarecimento \u00e9 o de que aqueles [&hellip;]<\/p>\n","protected":false},"author":22,"featured_media":11414,"comment_status":"open","ping_status":"closed","sticky":false,"template":"","format":"standard","meta":{"footnotes":""},"categories":[600],"tags":[711,215,264,656],"class_list":["post-15473","post","type-post","status-publish","format-standard","has-post-thumbnail","hentry","category-economia","tag-ans","tag-planos-de-saude","tag-reajuste","tag-rodrigo-maia"],"_links":{"self":[{"href":"https:\/\/blogs.correiobraziliense.com.br\/vicente\/wp-json\/wp\/v2\/posts\/15473","targetHints":{"allow":["GET"]}}],"collection":[{"href":"https:\/\/blogs.correiobraziliense.com.br\/vicente\/wp-json\/wp\/v2\/posts"}],"about":[{"href":"https:\/\/blogs.correiobraziliense.com.br\/vicente\/wp-json\/wp\/v2\/types\/post"}],"author":[{"embeddable":true,"href":"https:\/\/blogs.correiobraziliense.com.br\/vicente\/wp-json\/wp\/v2\/users\/22"}],"replies":[{"embeddable":true,"href":"https:\/\/blogs.correiobraziliense.com.br\/vicente\/wp-json\/wp\/v2\/comments?post=15473"}],"version-history":[{"count":9,"href":"https:\/\/blogs.correiobraziliense.com.br\/vicente\/wp-json\/wp\/v2\/posts\/15473\/revisions"}],"predecessor-version":[{"id":15482,"href":"https:\/\/blogs.correiobraziliense.com.br\/vicente\/wp-json\/wp\/v2\/posts\/15473\/revisions\/15482"}],"wp:featuredmedia":[{"embeddable":true,"href":"https:\/\/blogs.correiobraziliense.com.br\/vicente\/wp-json\/wp\/v2\/media\/11414"}],"wp:attachment":[{"href":"https:\/\/blogs.correiobraziliense.com.br\/vicente\/wp-json\/wp\/v2\/media?parent=15473"}],"wp:term":[{"taxonomy":"category","embeddable":true,"href":"https:\/\/blogs.correiobraziliense.com.br\/vicente\/wp-json\/wp\/v2\/categories?post=15473"},{"taxonomy":"post_tag","embeddable":true,"href":"https:\/\/blogs.correiobraziliense.com.br\/vicente\/wp-json\/wp\/v2\/tags?post=15473"}],"curies":[{"name":"wp","href":"https:\/\/api.w.org\/{rel}","templated":true}]}}