{"id":15465,"date":"2020-08-26T13:15:16","date_gmt":"2020-08-26T16:15:16","guid":{"rendered":"https:\/\/blogs.correiobraziliense.com.br\/vicente\/?p=15465"},"modified":"2020-08-26T14:39:26","modified_gmt":"2020-08-26T17:39:26","slug":"esplanada-faz-as-apostas-ate-quando-guedes-ficara-no-governo","status":"publish","type":"post","link":"https:\/\/blogs.correiobraziliense.com.br\/vicente\/esplanada-faz-as-apostas-ate-quando-guedes-ficara-no-governo\/","title":{"rendered":"Esplanada faz as apostas: at\u00e9 quando Guedes ficar\u00e1 no governo"},"content":{"rendered":"<h2>De superministro, ao qual foi dado todo poder para decidir sobre os rumos da economia do pa\u00eds, Paulo Guedes parece ter se transformado em um estorvo para o governo. N\u00e3o por acaso, gente gra\u00fada da Esplanada dos Minist\u00e9rios come\u00e7ou a fazer aposta: at\u00e9 quando o ministro da Economia permanece no cargo.<\/h2>\n<p>&nbsp;<\/p>\n<p>Especialistas em governo veem, nas \u00faltimas declara\u00e7\u00f5es do presidente Jair Bolsonaro, a repeti\u00e7\u00e3o do modus operandi usado por ele para despachar subordinados. O filme est\u00e1 se repetindo com Guedes, que acredita \u2014 ou finge acreditar \u2014 que ainda tem poder. Bolsonaro j\u00e1 n\u00e3o se informa mais com o Posto Ipiranga quando o assunto \u00e9 economia.<\/p>\n<p>&nbsp;<\/p>\n<p>Mesmo entre integrantes da equipe econ\u00f4mica, a percep\u00e7\u00e3o \u00e9 a de que os dias de Guedes est\u00e3o contados. Para eles, as cr\u00edticas p\u00fablicas do presidente \u00e0s propostas para o Renda Brasil, que substituir\u00e1 o Bolsa Fam\u00edlia, s\u00e3o o exemplo mais claro de que o ministro da Economia j\u00e1 n\u00e3o agrada mais o chefe do Executivo.<\/p>\n<p>&nbsp;<\/p>\n<p><strong>A porta de sa\u00edda para Guedes<\/strong><\/p>\n<p>&nbsp;<\/p>\n<p>A avalia\u00e7\u00e3o entre t\u00e9cnicos da equipe econ\u00f4mica \u00e9 a de que, se realmente quisesse preservar Guedes, que vem sendo esvaziado, Bolsonaro n\u00e3o exporia tanto o ministro. &#8220;\u00c9 como se o presidente estivesse indicando a porta de sa\u00edda para Guedes. Diverg\u00eancias s\u00e3o normais, mas exp\u00f4r o ministro do jeito que fez Bolsonaro ficou muito estranho&#8221;, diz um t\u00e9cnico.<\/p>\n<p>&nbsp;<\/p>\n<p>H\u00e1 v\u00e1rios grupos trabalhando contra o ministro da Economia. Um re\u00fane o ministro do Desenvolvimento Regional, Rog\u00e9rio Marinho, e os ministros militares com assento do Pal\u00e1cio do Planalto. Outro, abrange l\u00edderes do Centr\u00e3o, que nunca foram com a cara do ministro pela dificuldade de interlocu\u00e7\u00e3o com ele. \u00c9 o pior que poderia acontecer para Guedes.<\/p>\n<p>&nbsp;<\/p>\n<p>Marinho \u00e9 hoje o ministro mais citado pelo presidente \u2014 o nome do chefe da equipe econ\u00f4mica sequer apareceu no discurso que Bolsonaro fez na abertura do congresso da Associa\u00e7\u00e3o Brasileira de Bares e Restaurantes (Abrasel), na noite de ter\u00e7a-feira (25\/08) \u2014, os militares t\u00eam muita ascend\u00eancia sobre o chefe e os l\u00edderes do Centr\u00e3o s\u00e3o a garantia do mandat\u00e1rio de que ele n\u00e3o sofrer\u00e1 processo de impeachment no Congresso.<\/p>\n<p>&nbsp;<\/p>\n<p>Pode parecer repetitivo, implic\u00e2ncia, mas o roteiro de Bras\u00edlia sempre prima pela repeti\u00e7\u00e3o. S\u00f3 mesmo uma reviravolta nos ventos que sopram pela capital sustentar\u00e1 a perman\u00eancia de Guedes por muito mais tempo no governo.<\/p>\n<p>&nbsp;<\/p>\n<p><em>Bras\u00edlia, 13h15min<\/em><\/p>\n","protected":false},"excerpt":{"rendered":"<p>De superministro, ao qual foi dado todo poder para decidir sobre os rumos da economia do pa\u00eds, Paulo Guedes parece ter se transformado em um estorvo para o governo. N\u00e3o por acaso, gente gra\u00fada da Esplanada dos Minist\u00e9rios come\u00e7ou a fazer aposta: at\u00e9 quando o ministro da Economia permanece no cargo. &nbsp; Especialistas em governo [&hellip;]<\/p>\n","protected":false},"author":22,"featured_media":15307,"comment_status":"open","ping_status":"closed","sticky":false,"template":"","format":"standard","meta":{"footnotes":""},"categories":[600],"tags":[3664,2554,659,553,467,3616,769,4694],"class_list":["post-15465","post","type-post","status-publish","format-standard","has-post-thumbnail","hentry","category-economia","tag-rogerio-marinho","tag-bolsonaro","tag-centrao","tag-criticas","tag-governo","tag-guedes","tag-militares","tag-renda-brasil"],"_links":{"self":[{"href":"https:\/\/blogs.correiobraziliense.com.br\/vicente\/wp-json\/wp\/v2\/posts\/15465","targetHints":{"allow":["GET"]}}],"collection":[{"href":"https:\/\/blogs.correiobraziliense.com.br\/vicente\/wp-json\/wp\/v2\/posts"}],"about":[{"href":"https:\/\/blogs.correiobraziliense.com.br\/vicente\/wp-json\/wp\/v2\/types\/post"}],"author":[{"embeddable":true,"href":"https:\/\/blogs.correiobraziliense.com.br\/vicente\/wp-json\/wp\/v2\/users\/22"}],"replies":[{"embeddable":true,"href":"https:\/\/blogs.correiobraziliense.com.br\/vicente\/wp-json\/wp\/v2\/comments?post=15465"}],"version-history":[{"count":1,"href":"https:\/\/blogs.correiobraziliense.com.br\/vicente\/wp-json\/wp\/v2\/posts\/15465\/revisions"}],"predecessor-version":[{"id":15470,"href":"https:\/\/blogs.correiobraziliense.com.br\/vicente\/wp-json\/wp\/v2\/posts\/15465\/revisions\/15470"}],"wp:featuredmedia":[{"embeddable":true,"href":"https:\/\/blogs.correiobraziliense.com.br\/vicente\/wp-json\/wp\/v2\/media\/15307"}],"wp:attachment":[{"href":"https:\/\/blogs.correiobraziliense.com.br\/vicente\/wp-json\/wp\/v2\/media?parent=15465"}],"wp:term":[{"taxonomy":"category","embeddable":true,"href":"https:\/\/blogs.correiobraziliense.com.br\/vicente\/wp-json\/wp\/v2\/categories?post=15465"},{"taxonomy":"post_tag","embeddable":true,"href":"https:\/\/blogs.correiobraziliense.com.br\/vicente\/wp-json\/wp\/v2\/tags?post=15465"}],"curies":[{"name":"wp","href":"https:\/\/api.w.org\/{rel}","templated":true}]}}