{"id":15458,"date":"2020-08-25T18:21:06","date_gmt":"2020-08-25T21:21:06","guid":{"rendered":"https:\/\/blogs.correiobraziliense.com.br\/vicente\/?p=15458"},"modified":"2020-08-25T18:54:20","modified_gmt":"2020-08-25T21:54:20","slug":"peguei-os-cones-emprestados-para-ensinar-baliza-a-minha-filha-diz-servidor-do-stf","status":"publish","type":"post","link":"https:\/\/blogs.correiobraziliense.com.br\/vicente\/peguei-os-cones-emprestados-para-ensinar-baliza-a-minha-filha-diz-servidor-do-stf\/","title":{"rendered":"&#8220;Peguei os cones emprestados para ensinar baliza a minha filha&#8221;, diz servidor do STF"},"content":{"rendered":"<h2>O advogado Fernando de Magalh\u00e3es Furlan, servidor do Supremo Tribunal Federal (STF), diz que n\u00e3o furtou dois cones de um edif\u00edcio na Quadra 300, do Sudoeste, como acusa o condom\u00ednio Via Buriti, que o denunciou \u00e0 Pol\u00edcia Civil.\u00a0 &#8220;Apenas peguei os cones emprestados para ensinar baliza a minha filha&#8221;, diz ele ao <strong>Blog<\/strong>.<\/h2>\n<p>&nbsp;<\/p>\n<p>Ele afirma que n\u00e3o sabia a quem pertencia os cones, que estavam largados no canto de um estacionamento. Normalmente, segundo ele, as pessoas respons\u00e1veis pela limpeza da quadra costumam deixar os cones em um determinado ponto. &#8220;N\u00e3o foi minha inten\u00e7\u00e3o fazer nada errado, tanto que fiz tudo \u00e0 luz do dia&#8221;, ressalta.<\/p>\n<p>&nbsp;<\/p>\n<p>Os cones foram pegos por Furlan, que foi ministro do Desenvolvimento no governo de Dilma Rousseff, no fim da manh\u00e3 do \u00faltimo s\u00e1bado (22\/08), conforme v\u00eddeo ao qual o <strong>Blog<\/strong> teve acesso. E devolvidos depois das 17h do domingo (23\/08). O condom\u00ednio ao qual os cones pertencem fez um registro do sumi\u00e7o por meio do sistema on-line da Pol\u00edcia Civil, que abriu inqu\u00e9rito para apurar a den\u00fancia do furto.<\/p>\n<p>&nbsp;<\/p>\n<p>&#8220;Peguei os cones emprestados com a inten\u00e7\u00e3o de devolv\u00ea-los. N\u00e3o houve nada de errado&#8221;, refor\u00e7a o servidor do STF. Ele conta que, na segunda-feira (25\/08), por volta das 14h, recebeu uma liga\u00e7\u00e3o da 3\u00aa Delegacia de Pol\u00edcia, que o convocou para um depoimento.<\/p>\n<p>&nbsp;<\/p>\n<p><strong>Repercuss\u00e3o enorme na Esplanada<\/strong><\/p>\n<p>&nbsp;<\/p>\n<p>No mesmo dia, acompanhado de um advogado, o ex-ministro apresentou suas explica\u00e7\u00f5es ao delegado respons\u00e1vel pelo caso. Ele acredita que tudo ser\u00e1 esclarecido rapidamente.<\/p>\n<p>&nbsp;<\/p>\n<p>O caso ganhou uma repercuss\u00e3o enorme na Esplanada dos Minist\u00e9rios, pois, al\u00e9m de ser servidor do STF, com sal\u00e1rio mensal superior \u00e0 R$ 25 mil, Furlan foi ministro de Estado e comandou o Conselho Administrativo de Defesa da Concorr\u00eancia (Cade).<\/p>\n<p>&nbsp;<\/p>\n<p>&#8220;Estamos falando de uma pessoa muito conhecida em Bras\u00edlia, com passagens por cargos importantes na Esplanada&#8221;, diz um ex-colega de trabalho de Furlan. &#8220;Al\u00e9m disso, estamos falando de um caso pitoresco, de acusa\u00e7\u00e3o de furto de dois cones de um condom\u00ednio&#8221;, acrescenta.<\/p>\n<p>&nbsp;<\/p>\n<p><em>Bras\u00edlia, 18h21min<\/em><\/p>\n","protected":false},"excerpt":{"rendered":"<p>O advogado Fernando de Magalh\u00e3es Furlan, servidor do Supremo Tribunal Federal (STF), diz que n\u00e3o furtou dois cones de um edif\u00edcio na Quadra 300, do Sudoeste, como acusa o condom\u00ednio Via Buriti, que o denunciou \u00e0 Pol\u00edcia Civil.\u00a0 &#8220;Apenas peguei os cones emprestados para ensinar baliza a minha filha&#8221;, diz ele ao Blog. &nbsp; Ele [&hellip;]<\/p>\n","protected":false},"author":22,"featured_media":15390,"comment_status":"open","ping_status":"closed","sticky":false,"template":"","format":"standard","meta":{"footnotes":""},"categories":[600],"tags":[4870,4858,4667,4353,4859,2498,4638,192,3233],"class_list":["post-15458","post","type-post","status-publish","format-standard","has-post-thumbnail","hentry","category-economia","tag-baliza","tag-cones","tag-ex-ministro","tag-filha","tag-furto","tag-policia","tag-servidor","tag-stf","tag-sudoeste"],"_links":{"self":[{"href":"https:\/\/blogs.correiobraziliense.com.br\/vicente\/wp-json\/wp\/v2\/posts\/15458","targetHints":{"allow":["GET"]}}],"collection":[{"href":"https:\/\/blogs.correiobraziliense.com.br\/vicente\/wp-json\/wp\/v2\/posts"}],"about":[{"href":"https:\/\/blogs.correiobraziliense.com.br\/vicente\/wp-json\/wp\/v2\/types\/post"}],"author":[{"embeddable":true,"href":"https:\/\/blogs.correiobraziliense.com.br\/vicente\/wp-json\/wp\/v2\/users\/22"}],"replies":[{"embeddable":true,"href":"https:\/\/blogs.correiobraziliense.com.br\/vicente\/wp-json\/wp\/v2\/comments?post=15458"}],"version-history":[{"count":1,"href":"https:\/\/blogs.correiobraziliense.com.br\/vicente\/wp-json\/wp\/v2\/posts\/15458\/revisions"}],"predecessor-version":[{"id":15459,"href":"https:\/\/blogs.correiobraziliense.com.br\/vicente\/wp-json\/wp\/v2\/posts\/15458\/revisions\/15459"}],"wp:featuredmedia":[{"embeddable":true,"href":"https:\/\/blogs.correiobraziliense.com.br\/vicente\/wp-json\/wp\/v2\/media\/15390"}],"wp:attachment":[{"href":"https:\/\/blogs.correiobraziliense.com.br\/vicente\/wp-json\/wp\/v2\/media?parent=15458"}],"wp:term":[{"taxonomy":"category","embeddable":true,"href":"https:\/\/blogs.correiobraziliense.com.br\/vicente\/wp-json\/wp\/v2\/categories?post=15458"},{"taxonomy":"post_tag","embeddable":true,"href":"https:\/\/blogs.correiobraziliense.com.br\/vicente\/wp-json\/wp\/v2\/tags?post=15458"}],"curies":[{"name":"wp","href":"https:\/\/api.w.org\/{rel}","templated":true}]}}