{"id":15435,"date":"2020-08-25T10:07:58","date_gmt":"2020-08-25T13:07:58","guid":{"rendered":"https:\/\/blogs.correiobraziliense.com.br\/vicente\/?p=15435"},"modified":"2020-08-25T15:41:46","modified_gmt":"2020-08-25T18:41:46","slug":"segunda-opiniao-em-radiografias-ajuda-no-combate-a-covid","status":"publish","type":"post","link":"https:\/\/blogs.correiobraziliense.com.br\/vicente\/segunda-opiniao-em-radiografias-ajuda-no-combate-a-covid\/","title":{"rendered":"Segunda opini\u00e3o em radiografias ajuda no combate \u00e0 covid"},"content":{"rendered":"<h2>O Col\u00e9gio Brasileiro de Radiologia e Diagn\u00f3stico por Imagem (CBR) e o aplicativo Join se juntaram para criar o projeto IMAIS, com o intuito de oferecer uma segunda opini\u00e3o sobre exames de imagem no diagn\u00f3stico da covid-19 para institui\u00e7\u00f5es do sistema p\u00fablico de sa\u00fade de todo o Brasil que tenham equipamentos de imagem como raios X e tomografia.<\/h2>\n<p>&nbsp;<\/p>\n<p>Com o slogan \u201cUma Nova Opini\u00e3o, uma Nova Vis\u00e3o\u201d, o projeto conta com m\u00e9dicos radiologistas associados ao CBR, que, de forma volunt\u00e1ria e gratuita, fornecer\u00e3o a segunda opini\u00e3o cl\u00ednica para casos suspeitos de covid-19.<\/p>\n<p>&nbsp;<\/p>\n<p>A valida\u00e7\u00e3o acontece por meio do aplicativo Join, da empresa japonesa Allm, que permite a comunica\u00e7\u00e3o m\u00e9dica e o compartilhamento de exames de imagem em alta resolu\u00e7\u00e3o. Os radiologistas podem dar suporte diagn\u00f3stico mais rapidamente aos pacientes, em especial, para aqueles que sofrem com a falta de acesso a m\u00e9dicos especializados.<\/p>\n<p>&nbsp;<\/p>\n<p><strong>Ajuda na pandemia<\/strong><\/p>\n<p>&nbsp;<\/p>\n<p>Os exames de imagem do t\u00f3rax t\u00eam sido muito importantes para apoiar os m\u00e9dicos no diagn\u00f3stico da covid-19. Segundo Valdair Muglia, diretor cient\u00edfico do CBR, al\u00e9m de visualizar o grau de comprometimento do sistema respirat\u00f3rio, a tomografia, por exemplo, apresenta altas taxas de sensibilidade e especificidade para o diagn\u00f3stico da doen\u00e7a em situa\u00e7\u00f5es de alta preval\u00eancia, como o atual.<\/p>\n<p>&nbsp;<\/p>\n<p>\u201cOferecer uma segunda opini\u00e3o cl\u00ednica sobre um exame de imagem pode ser decisivo para o diagn\u00f3stico e o manuseio da covid-19. A agilidade e a praticidade que o aplicativo oferece contribuem com o radiologista, que est\u00e1 na ponta do atendimento para uma abordagem r\u00e1pida e precisa, como a situa\u00e7\u00e3o atual exige\u201d, afirma Muglia.<\/p>\n<p>&nbsp;<\/p>\n<p>Para Bruno Melnik, diretor Comercial e de Opera\u00e7\u00f5es da Allm Brasil, a op\u00e7\u00e3o de telessuporte com uma rede de compartilhamento de informa\u00e7\u00f5es associadas a exames de imagem, tomografias e radiografias podem fazer uma grande diferen\u00e7a no controle de situa\u00e7\u00f5es como a pandemia.<\/p>\n<p>&nbsp;<\/p>\n<p>\u201cCom essas informa\u00e7\u00f5es chegando imediatamente \u00e0s m\u00e3os dos especialistas, \u00e9 poss\u00edvel maximizar a experi\u00eancia conjunta dos profissionais, desempenhando papel fundamental na implementa\u00e7\u00e3o do protocolo no combate \u00e0 pandemia\u201d, informa Melnik.<\/p>\n<p>&nbsp;<\/p>\n<p><em>Bras\u00edlia, 10h07min<\/em><\/p>\n","protected":false},"excerpt":{"rendered":"<p>O Col\u00e9gio Brasileiro de Radiologia e Diagn\u00f3stico por Imagem (CBR) e o aplicativo Join se juntaram para criar o projeto IMAIS, com o intuito de oferecer uma segunda opini\u00e3o sobre exames de imagem no diagn\u00f3stico da covid-19 para institui\u00e7\u00f5es do sistema p\u00fablico de sa\u00fade de todo o Brasil que tenham equipamentos de imagem como raios [&hellip;]<\/p>\n","protected":false},"author":22,"featured_media":13413,"comment_status":"open","ping_status":"closed","sticky":false,"template":"","format":"standard","meta":{"footnotes":""},"categories":[600],"tags":[4866,4505,4864,4510,4865,3086],"class_list":["post-15435","post","type-post","status-publish","format-standard","has-post-thumbnail","hentry","category-economia","tag-cbr","tag-covid-19","tag-opiniao-imais","tag-pandemia","tag-radiografia","tag-segunda"],"_links":{"self":[{"href":"https:\/\/blogs.correiobraziliense.com.br\/vicente\/wp-json\/wp\/v2\/posts\/15435","targetHints":{"allow":["GET"]}}],"collection":[{"href":"https:\/\/blogs.correiobraziliense.com.br\/vicente\/wp-json\/wp\/v2\/posts"}],"about":[{"href":"https:\/\/blogs.correiobraziliense.com.br\/vicente\/wp-json\/wp\/v2\/types\/post"}],"author":[{"embeddable":true,"href":"https:\/\/blogs.correiobraziliense.com.br\/vicente\/wp-json\/wp\/v2\/users\/22"}],"replies":[{"embeddable":true,"href":"https:\/\/blogs.correiobraziliense.com.br\/vicente\/wp-json\/wp\/v2\/comments?post=15435"}],"version-history":[{"count":2,"href":"https:\/\/blogs.correiobraziliense.com.br\/vicente\/wp-json\/wp\/v2\/posts\/15435\/revisions"}],"predecessor-version":[{"id":15446,"href":"https:\/\/blogs.correiobraziliense.com.br\/vicente\/wp-json\/wp\/v2\/posts\/15435\/revisions\/15446"}],"wp:featuredmedia":[{"embeddable":true,"href":"https:\/\/blogs.correiobraziliense.com.br\/vicente\/wp-json\/wp\/v2\/media\/13413"}],"wp:attachment":[{"href":"https:\/\/blogs.correiobraziliense.com.br\/vicente\/wp-json\/wp\/v2\/media?parent=15435"}],"wp:term":[{"taxonomy":"category","embeddable":true,"href":"https:\/\/blogs.correiobraziliense.com.br\/vicente\/wp-json\/wp\/v2\/categories?post=15435"},{"taxonomy":"post_tag","embeddable":true,"href":"https:\/\/blogs.correiobraziliense.com.br\/vicente\/wp-json\/wp\/v2\/tags?post=15435"}],"curies":[{"name":"wp","href":"https:\/\/api.w.org\/{rel}","templated":true}]}}