{"id":15420,"date":"2020-08-24T18:33:41","date_gmt":"2020-08-24T21:33:41","guid":{"rendered":"https:\/\/blogs.correiobraziliense.com.br\/vicente\/?p=15420"},"modified":"2020-08-25T14:57:38","modified_gmt":"2020-08-25T17:57:38","slug":"servidor-do-stf-que-furtou-cones-de-predio-presta-depoimento-a-policia","status":"publish","type":"post","link":"https:\/\/blogs.correiobraziliense.com.br\/vicente\/servidor-do-stf-que-furtou-cones-de-predio-presta-depoimento-a-policia\/","title":{"rendered":"Servidor do STF que furtou cones de pr\u00e9dio presta depoimento \u00e0 pol\u00edcia"},"content":{"rendered":"<h2>Fernando de Magalh\u00e3es Furlan, servidor do Supremo Tribunal Federal (STF) que <a href=\"https:\/\/blogs.correiobraziliense.com.br\/vicente\/assessor-do-stf-furta-cones-de-predio-e-caso-vai-parar-na-policia\/\">furtou cones de um condom\u00ednio de luxo<\/a> no Sudoeste no s\u00e1bado (22\/08) pelo manh\u00e3, prestou depoimento \u00e0 Pol\u00edcia Civil nesta segunda-feira (24\/08). Ele estava acompanhado de um advogado.<\/h2>\n<p>&nbsp;<\/p>\n<p>Os cones foram furtados do\u00a0Edif\u00edcio Via Buriti, na Quadra 300, uma das mais valorizadas de Bras\u00edlia. O caso foi registrado por meio da internet e est\u00e1 sob responsabilidade da 3\u00aa Delegacia de Pol\u00edcia, que abriu investiga\u00e7\u00e3o.<\/p>\n<p>&nbsp;<\/p>\n<p>Furlan tem sal\u00e1rio bruto de mais de R$ 25 mil. Com essa quantia, pode comprar mais de 400 cones, que custam em torno de R$ 60 cada um.<\/p>\n<p>&nbsp;<\/p>\n<p>Advogado, o servidor do Supremo j\u00e1 foi ministro do Desenvolvimento no governo de Dilma Rousseff e ocupou a presid\u00eancia\u00a0 do Conselho Administrativo de Defesa da Concorr\u00eancia (Cade). N\u00e3o por acaso, a not\u00edcia sobre o furto de cones causou furor na Esplanada dos Minist\u00e9rios.<\/p>\n<p>&nbsp;<\/p>\n<p>O servidor chegou de carro ao estacionamento do pr\u00e9dio, como <a href=\"https:\/\/blogs.correiobraziliense.com.br\/vicente\/veja-o-video-que-mostra-o-momento-em-que-assessor-do-stf-furta-cones-de-um-predio\/\">mostra v\u00eddeo<\/a> ao qual o <strong>Blog<\/strong> teve acesso, abriu o porta-malas do carro no qual estava, guardou os cones e saiu como se nada estivesse acontecendo.<\/p>\n<p>&nbsp;<\/p>\n<p>No domingo (23\/08) \u00e0 tarde, quando voltava de um passeio com os cachorros, devolveu os cones. Naquele momento, o caso j\u00e1 tinha se tornado um dos assuntos principais entre moradores da quadra.<\/p>\n<p>&nbsp;<\/p>\n<p><em>Bras\u00edlia, 18h33min<\/em><\/p>\n","protected":false},"excerpt":{"rendered":"<p>Fernando de Magalh\u00e3es Furlan, servidor do Supremo Tribunal Federal (STF) que furtou cones de um condom\u00ednio de luxo no Sudoeste no s\u00e1bado (22\/08) pelo manh\u00e3, prestou depoimento \u00e0 Pol\u00edcia Civil nesta segunda-feira (24\/08). Ele estava acompanhado de um advogado. &nbsp; Os cones foram furtados do\u00a0Edif\u00edcio Via Buriti, na Quadra 300, uma das mais valorizadas de [&hellip;]<\/p>\n","protected":false},"author":22,"featured_media":15422,"comment_status":"open","ping_status":"closed","sticky":false,"template":"","format":"standard","meta":{"footnotes":""},"categories":[600],"tags":[4639,4858,4863,4859,4638,192,3233],"class_list":["post-15420","post","type-post","status-publish","format-standard","has-post-thumbnail","hentry","category-economia","tag-assessor","tag-cones","tag-fernando-de-magalhaes-furlan","tag-furto","tag-servidor","tag-stf","tag-sudoeste"],"_links":{"self":[{"href":"https:\/\/blogs.correiobraziliense.com.br\/vicente\/wp-json\/wp\/v2\/posts\/15420","targetHints":{"allow":["GET"]}}],"collection":[{"href":"https:\/\/blogs.correiobraziliense.com.br\/vicente\/wp-json\/wp\/v2\/posts"}],"about":[{"href":"https:\/\/blogs.correiobraziliense.com.br\/vicente\/wp-json\/wp\/v2\/types\/post"}],"author":[{"embeddable":true,"href":"https:\/\/blogs.correiobraziliense.com.br\/vicente\/wp-json\/wp\/v2\/users\/22"}],"replies":[{"embeddable":true,"href":"https:\/\/blogs.correiobraziliense.com.br\/vicente\/wp-json\/wp\/v2\/comments?post=15420"}],"version-history":[{"count":4,"href":"https:\/\/blogs.correiobraziliense.com.br\/vicente\/wp-json\/wp\/v2\/posts\/15420\/revisions"}],"predecessor-version":[{"id":15431,"href":"https:\/\/blogs.correiobraziliense.com.br\/vicente\/wp-json\/wp\/v2\/posts\/15420\/revisions\/15431"}],"wp:featuredmedia":[{"embeddable":true,"href":"https:\/\/blogs.correiobraziliense.com.br\/vicente\/wp-json\/wp\/v2\/media\/15422"}],"wp:attachment":[{"href":"https:\/\/blogs.correiobraziliense.com.br\/vicente\/wp-json\/wp\/v2\/media?parent=15420"}],"wp:term":[{"taxonomy":"category","embeddable":true,"href":"https:\/\/blogs.correiobraziliense.com.br\/vicente\/wp-json\/wp\/v2\/categories?post=15420"},{"taxonomy":"post_tag","embeddable":true,"href":"https:\/\/blogs.correiobraziliense.com.br\/vicente\/wp-json\/wp\/v2\/tags?post=15420"}],"curies":[{"name":"wp","href":"https:\/\/api.w.org\/{rel}","templated":true}]}}