{"id":15413,"date":"2020-08-24T17:47:00","date_gmt":"2020-08-24T20:47:00","guid":{"rendered":"https:\/\/blogs.correiobraziliense.com.br\/vicente\/?p=15413"},"modified":"2020-08-24T18:08:02","modified_gmt":"2020-08-24T21:08:02","slug":"as-portas-escancaradas-para-a-xp-investimentos-em-brasilia","status":"publish","type":"post","link":"https:\/\/blogs.correiobraziliense.com.br\/vicente\/as-portas-escancaradas-para-a-xp-investimentos-em-brasilia\/","title":{"rendered":"As portas escancaradas para a XP Investimentos em Bras\u00edlia"},"content":{"rendered":"<h2>A decis\u00e3o do Banco Central de <a href=\"https:\/\/blogs.correiobraziliense.com.br\/vicente\/bc-endurece-regras-para-reunioes-de-diretores-com-investidores\/\">limitar encontros de seus diretores<\/a> com representantes de institui\u00e7\u00f5es financeiras \u2014 agora, s\u00f3 \u00e9 poss\u00edvel uma conversa a cada 45 dias, intervalo das reuni\u00f5es do Comit\u00ea de Pol\u00edtica Monet\u00e1ria (Copom) \u2014 reacendeu um debate nos bastidores do governo.<\/h2>\n<p>&nbsp;<\/p>\n<p>Muitos questionam a presen\u00e7a maci\u00e7a de representantes da XP Investimentos no Minist\u00e9rio da Economia e no Pal\u00e1cio do Planalto. \u00c9 como se as portas estivessem escancaradas a essa institui\u00e7\u00e3o. Inclusive, muitos associam a demiss\u00e3o da economista Zeina Latif da XP a um pedido de uma proeminente figura governamental.<\/p>\n<p>&nbsp;<\/p>\n<p>N\u00e3o custa ressaltar: depois da sa\u00edda de Zeina, ningu\u00e9m da XP colocou mais o dedo nas feridas do governo. Mesmo com defici\u00eancias escancaradas, a XP s\u00f3 v\u00ea not\u00edcia boa. Tudo o que o Pal\u00e1cio do Planalto mais quer.<\/p>\n<p>&nbsp;<\/p>\n<p>Mas que fique claro: o tr\u00e2nsito a XP tamb\u00e9m \u00e9 grande no Congresso. Basta apresentar a credencial da institui\u00e7\u00e3o para as barreiras ca\u00edrem na C\u00e2mara e no Senado.<\/p>\n<p>&nbsp;<\/p>\n<p>Fato curioso: os analista da gestora de recursos usam credencias de imprensa mesmo n\u00e3o sendo jornalistas.<\/p>\n<p>&nbsp;<\/p>\n<p><em>Bras\u00edlia, 17h47min<\/em><\/p>\n","protected":false},"excerpt":{"rendered":"<p>A decis\u00e3o do Banco Central de limitar encontros de seus diretores com representantes de institui\u00e7\u00f5es financeiras \u2014 agora, s\u00f3 \u00e9 poss\u00edvel uma conversa a cada 45 dias, intervalo das reuni\u00f5es do Comit\u00ea de Pol\u00edtica Monet\u00e1ria (Copom) \u2014 reacendeu um debate nos bastidores do governo. &nbsp; Muitos questionam a presen\u00e7a maci\u00e7a de representantes da XP Investimentos [&hellip;]<\/p>\n","protected":false},"author":22,"featured_media":10448,"comment_status":"open","ping_status":"closed","sticky":false,"template":"","format":"standard","meta":{"footnotes":""},"categories":[600],"tags":[3,926,3666,2731,4862,3433,855],"class_list":["post-15413","post","type-post","status-publish","format-standard","has-post-thumbnail","hentry","category-economia","tag-banco-central","tag-brasilia","tag-ministerio-da-economia","tag-planalto","tag-portas-escancaradas","tag-xp-investimentos","tag-zeina-latif"],"_links":{"self":[{"href":"https:\/\/blogs.correiobraziliense.com.br\/vicente\/wp-json\/wp\/v2\/posts\/15413","targetHints":{"allow":["GET"]}}],"collection":[{"href":"https:\/\/blogs.correiobraziliense.com.br\/vicente\/wp-json\/wp\/v2\/posts"}],"about":[{"href":"https:\/\/blogs.correiobraziliense.com.br\/vicente\/wp-json\/wp\/v2\/types\/post"}],"author":[{"embeddable":true,"href":"https:\/\/blogs.correiobraziliense.com.br\/vicente\/wp-json\/wp\/v2\/users\/22"}],"replies":[{"embeddable":true,"href":"https:\/\/blogs.correiobraziliense.com.br\/vicente\/wp-json\/wp\/v2\/comments?post=15413"}],"version-history":[{"count":2,"href":"https:\/\/blogs.correiobraziliense.com.br\/vicente\/wp-json\/wp\/v2\/posts\/15413\/revisions"}],"predecessor-version":[{"id":15417,"href":"https:\/\/blogs.correiobraziliense.com.br\/vicente\/wp-json\/wp\/v2\/posts\/15413\/revisions\/15417"}],"wp:featuredmedia":[{"embeddable":true,"href":"https:\/\/blogs.correiobraziliense.com.br\/vicente\/wp-json\/wp\/v2\/media\/10448"}],"wp:attachment":[{"href":"https:\/\/blogs.correiobraziliense.com.br\/vicente\/wp-json\/wp\/v2\/media?parent=15413"}],"wp:term":[{"taxonomy":"category","embeddable":true,"href":"https:\/\/blogs.correiobraziliense.com.br\/vicente\/wp-json\/wp\/v2\/categories?post=15413"},{"taxonomy":"post_tag","embeddable":true,"href":"https:\/\/blogs.correiobraziliense.com.br\/vicente\/wp-json\/wp\/v2\/tags?post=15413"}],"curies":[{"name":"wp","href":"https:\/\/api.w.org\/{rel}","templated":true}]}}