{"id":15410,"date":"2020-08-24T16:29:58","date_gmt":"2020-08-24T19:29:58","guid":{"rendered":"https:\/\/blogs.correiobraziliense.com.br\/vicente\/?p=15410"},"modified":"2020-08-24T17:40:23","modified_gmt":"2020-08-24T20:40:23","slug":"embate-entre-os-eua-e-a-china-vai-se-acirrar-mesmo-com-vitoria-de-biden","status":"publish","type":"post","link":"https:\/\/blogs.correiobraziliense.com.br\/vicente\/embate-entre-os-eua-e-a-china-vai-se-acirrar-mesmo-com-vitoria-de-biden\/","title":{"rendered":"Embate entre os EUA e a China vai se acirrar, mesmo com vit\u00f3ria de Biden"},"content":{"rendered":"<h2>Quem pensa que a poss\u00edvel elei\u00e7\u00e3o do democrata Joe Biden para a presid\u00eancia dos Estados Unidos, em novembro pr\u00f3ximo, dar\u00e1 uma tr\u00e9gua nas disputas entre aquele pa\u00eds e a China deve se preparar para o contr\u00e1rio: a tend\u00eancia \u00e9 de um acirramento ainda maior no embate entre as duas maiores economias do planeta.<\/h2>\n<p>&nbsp;<\/p>\n<p>O democrata tende a ser mais rigoroso nas imposi\u00e7\u00f5es de barreiras \u00e0 na\u00e7\u00e3o asi\u00e1tica. O atual presidente dos EUA, Donald Trump, iniciou essa guerra, mas muito mais de forma eleitoreira e personalista do que como uma quest\u00e3o efetiva de Estado.<\/p>\n<p>&nbsp;<\/p>\n<p>A vis\u00e3o entre os democratas norte-americanos \u00e9 de que a China avan\u00e7ou todos os sinais ao criar uma depend\u00eancia sem precedentes do mundo em rela\u00e7\u00e3o ao seu parque produtivo. Isso ficou evidente durante a pandemia do novo coronav\u00edrus. O planeta se viu sem pe\u00e7as e equipamentos para enfrentar o avan\u00e7o da covid-19, uma vez que quase tudo era importado das ind\u00fastrias chinesas.<\/p>\n<p>&nbsp;<\/p>\n<p><strong>Regime pol\u00edtico fechado<\/strong><\/p>\n<p>&nbsp;<\/p>\n<p>Mas n\u00e3o \u00e9 s\u00f3: tamb\u00e9m se questiona muito o regime disfar\u00e7ado da China, que diz seguir regras de mercado, mas peca pela falta de transpar\u00eancia, prioriza um sistema pol\u00edtico dominado por um grupo ditatorial, movido pela corrup\u00e7\u00e3o. Ou os chineses se abrem de vez \u00e0 competi\u00e7\u00e3o leal e aos direitos democr\u00e1ticos, ou ficar\u00e3o isolados.<\/p>\n<p>&nbsp;<\/p>\n<p>O movimento de enfrentamento ao pa\u00eds asi\u00e1tico n\u00e3o ficar\u00e1 restrito aos Estados Unidos. A Uni\u00e3o Europeia caminha na mesma dire\u00e7\u00e3o e outros pa\u00edses, inclusive o Brasil, com Jair Bolsonaro \u00e0 frente,, tendem a endossar as cobran\u00e7as \u00e0 na\u00e7\u00e3o comandada no Xi Jinping.<\/p>\n<p>&nbsp;<\/p>\n<p>Isso n\u00e3o significa que, necessariamente, todo o planeta estar\u00e1 alinhado aos EUA. Os interesses locais tender\u00e3o a se sobrepor ao pensamento norte-americano. Com certeza, teremos um mundo muito mais protecionista.<\/p>\n<p>&nbsp;<\/p>\n<p><em>Bras\u00edlia, 16h29min<\/em><\/p>\n","protected":false},"excerpt":{"rendered":"<p>Quem pensa que a poss\u00edvel elei\u00e7\u00e3o do democrata Joe Biden para a presid\u00eancia dos Estados Unidos, em novembro pr\u00f3ximo, dar\u00e1 uma tr\u00e9gua nas disputas entre aquele pa\u00eds e a China deve se preparar para o contr\u00e1rio: a tend\u00eancia \u00e9 de um acirramento ainda maior no embate entre as duas maiores economias do planeta. &nbsp; O [&hellip;]<\/p>\n","protected":false},"author":22,"featured_media":12364,"comment_status":"open","ping_status":"closed","sticky":false,"template":"","format":"standard","meta":{"footnotes":""},"categories":[600],"tags":[246,4419,363,2922,4861,1703],"class_list":["post-15410","post","type-post","status-publish","format-standard","has-post-thumbnail","hentry","category-economia","tag-china","tag-coronavirus","tag-estados-unidos","tag-jair-bolsonaro","tag-joe-biden","tag-protecionismo"],"_links":{"self":[{"href":"https:\/\/blogs.correiobraziliense.com.br\/vicente\/wp-json\/wp\/v2\/posts\/15410","targetHints":{"allow":["GET"]}}],"collection":[{"href":"https:\/\/blogs.correiobraziliense.com.br\/vicente\/wp-json\/wp\/v2\/posts"}],"about":[{"href":"https:\/\/blogs.correiobraziliense.com.br\/vicente\/wp-json\/wp\/v2\/types\/post"}],"author":[{"embeddable":true,"href":"https:\/\/blogs.correiobraziliense.com.br\/vicente\/wp-json\/wp\/v2\/users\/22"}],"replies":[{"embeddable":true,"href":"https:\/\/blogs.correiobraziliense.com.br\/vicente\/wp-json\/wp\/v2\/comments?post=15410"}],"version-history":[{"count":1,"href":"https:\/\/blogs.correiobraziliense.com.br\/vicente\/wp-json\/wp\/v2\/posts\/15410\/revisions"}],"predecessor-version":[{"id":15412,"href":"https:\/\/blogs.correiobraziliense.com.br\/vicente\/wp-json\/wp\/v2\/posts\/15410\/revisions\/15412"}],"wp:featuredmedia":[{"embeddable":true,"href":"https:\/\/blogs.correiobraziliense.com.br\/vicente\/wp-json\/wp\/v2\/media\/12364"}],"wp:attachment":[{"href":"https:\/\/blogs.correiobraziliense.com.br\/vicente\/wp-json\/wp\/v2\/media?parent=15410"}],"wp:term":[{"taxonomy":"category","embeddable":true,"href":"https:\/\/blogs.correiobraziliense.com.br\/vicente\/wp-json\/wp\/v2\/categories?post=15410"},{"taxonomy":"post_tag","embeddable":true,"href":"https:\/\/blogs.correiobraziliense.com.br\/vicente\/wp-json\/wp\/v2\/tags?post=15410"}],"curies":[{"name":"wp","href":"https:\/\/api.w.org\/{rel}","templated":true}]}}