{"id":15407,"date":"2020-08-24T14:49:54","date_gmt":"2020-08-24T17:49:54","guid":{"rendered":"https:\/\/blogs.correiobraziliense.com.br\/vicente\/?p=15407"},"modified":"2020-08-25T15:01:24","modified_gmt":"2020-08-25T18:01:24","slug":"veja-o-video-que-mostra-o-momento-em-que-assessor-do-stf-furta-cones-de-um-predio","status":"publish","type":"post","link":"https:\/\/blogs.correiobraziliense.com.br\/vicente\/veja-o-video-que-mostra-o-momento-em-que-assessor-do-stf-furta-cones-de-um-predio\/","title":{"rendered":"Veja o v\u00eddeo que mostra o momento em que assessor do STF furta cones de um pr\u00e9dio"},"content":{"rendered":"<h2>O <strong>Blog<\/strong> teve acesso ao v\u00eddeo que mostra o momento em que\u00a0Fernando de Magalh\u00e3es Furlan, a<a href=\"https:\/\/blogs.correiobraziliense.com.br\/vicente\/assessor-do-stf-furta-cones-de-predio-e-caso-vai-parar-na-policia\/\">ssessor do Supremo Tribunal Federal<\/a> (STF), que tem sal\u00e1rio bruto superior a R$ 25 mil, rouba dois cones de um pr\u00e9dio ao lado do que ele mora no Sudoeste, uma das \u00e1reas mais nobre de Bras\u00edlia.<\/h2>\n<p>&nbsp;<\/p>\n<p><iframe loading=\"lazy\" title=\"Assessor do STF \u00e9 flagrado furtando cones em Bras\u00edlia\" src=\"https:\/\/player.vimeo.com\/video\/451204046?dnt=1&amp;app_id=122963\" width=\"640\" height=\"352\" frameborder=\"0\" allow=\"autoplay; fullscreen; picture-in-picture; clipboard-write; encrypted-media; web-share\" referrerpolicy=\"strict-origin-when-cross-origin\"><\/iframe><\/p>\n<p>&nbsp;<\/p>\n<p>O furto ocorreu no fim da manh\u00e3 de s\u00e1bado (22\/08). O condom\u00ednio Via Buriti, que se diz v\u00edtima, registrou a ocorr\u00eancia do furto por meio da internet. O caso est\u00e1 sendo investigado pela 3\u00aa Delegacia de Pol\u00edcia.<\/p>\n<p>&nbsp;<\/p>\n<p>O assessor do STF, que \u00e9 advogado, foi ministro do Desenvolvimento no governo de Dilma Rousseff, devolveu os cones no meio meio da tarde de domingo (23\/08). Ele foi convocado pela Pol\u00edcia Civil a prestar depoimento na segunda-feira, \u00e0s 14h.<\/p>\n<p>&nbsp;<\/p>\n<p><em>Bras\u00edlia, 14h49min<\/em><\/p>\n","protected":false},"excerpt":{"rendered":"<p>O Blog teve acesso ao v\u00eddeo que mostra o momento em que\u00a0Fernando de Magalh\u00e3es Furlan, assessor do Supremo Tribunal Federal (STF), que tem sal\u00e1rio bruto superior a R$ 25 mil, rouba dois cones de um pr\u00e9dio ao lado do que ele mora no Sudoeste, uma das \u00e1reas mais nobre de Bras\u00edlia. &nbsp; &nbsp; O furto [&hellip;]<\/p>\n","protected":false},"author":22,"featured_media":15390,"comment_status":"open","ping_status":"closed","sticky":false,"template":"","format":"standard","meta":{"footnotes":""},"categories":[600],"tags":[4639,4858,4859,2498,192,3233],"class_list":["post-15407","post","type-post","status-publish","format-standard","has-post-thumbnail","hentry","category-economia","tag-assessor","tag-cones","tag-furto","tag-policia","tag-stf","tag-sudoeste"],"_links":{"self":[{"href":"https:\/\/blogs.correiobraziliense.com.br\/vicente\/wp-json\/wp\/v2\/posts\/15407","targetHints":{"allow":["GET"]}}],"collection":[{"href":"https:\/\/blogs.correiobraziliense.com.br\/vicente\/wp-json\/wp\/v2\/posts"}],"about":[{"href":"https:\/\/blogs.correiobraziliense.com.br\/vicente\/wp-json\/wp\/v2\/types\/post"}],"author":[{"embeddable":true,"href":"https:\/\/blogs.correiobraziliense.com.br\/vicente\/wp-json\/wp\/v2\/users\/22"}],"replies":[{"embeddable":true,"href":"https:\/\/blogs.correiobraziliense.com.br\/vicente\/wp-json\/wp\/v2\/comments?post=15407"}],"version-history":[{"count":4,"href":"https:\/\/blogs.correiobraziliense.com.br\/vicente\/wp-json\/wp\/v2\/posts\/15407\/revisions"}],"predecessor-version":[{"id":15432,"href":"https:\/\/blogs.correiobraziliense.com.br\/vicente\/wp-json\/wp\/v2\/posts\/15407\/revisions\/15432"}],"wp:featuredmedia":[{"embeddable":true,"href":"https:\/\/blogs.correiobraziliense.com.br\/vicente\/wp-json\/wp\/v2\/media\/15390"}],"wp:attachment":[{"href":"https:\/\/blogs.correiobraziliense.com.br\/vicente\/wp-json\/wp\/v2\/media?parent=15407"}],"wp:term":[{"taxonomy":"category","embeddable":true,"href":"https:\/\/blogs.correiobraziliense.com.br\/vicente\/wp-json\/wp\/v2\/categories?post=15407"},{"taxonomy":"post_tag","embeddable":true,"href":"https:\/\/blogs.correiobraziliense.com.br\/vicente\/wp-json\/wp\/v2\/tags?post=15407"}],"curies":[{"name":"wp","href":"https:\/\/api.w.org\/{rel}","templated":true}]}}