{"id":15401,"date":"2020-08-24T13:01:51","date_gmt":"2020-08-24T16:01:51","guid":{"rendered":"https:\/\/blogs.correiobraziliense.com.br\/vicente\/?p=15401"},"modified":"2020-08-24T14:02:33","modified_gmt":"2020-08-24T17:02:33","slug":"renda-brasil-tera-quatro-eixos-mas-ficara-muito-dependente-do-congresso","status":"publish","type":"post","link":"https:\/\/blogs.correiobraziliense.com.br\/vicente\/renda-brasil-tera-quatro-eixos-mas-ficara-muito-dependente-do-congresso\/","title":{"rendered":"Renda Brasil ter\u00e1 quatro eixos, mas ficar\u00e1 muito dependente do Congresso"},"content":{"rendered":"<h2>O Renda Brasil, que nada mais ser\u00e1 do que o Bolsa Fam\u00edlia turbinado, ser\u00e1 dividido em quatro eixos, conforme desenho que est\u00e1 sendo fechado pelo Minist\u00e9rio da Economia. A princ\u00edpio, o programa, que dever\u00e1 ter valor m\u00e9dio de R$ 247 por m\u00eas, ser\u00e1 lan\u00e7ado nesta ter\u00e7a-feira (25\/08).<\/h2>\n<p>&nbsp;<\/p>\n<p>Os quatro eixos s\u00e3o:<strong> 1)<\/strong> Primeira inf\u00e2ncia; <strong>2)<\/strong> Renda cidad\u00e3; <strong>3)<\/strong> Incentivo ao m\u00e9rito; <strong>4)<\/strong> Emancipa\u00e7\u00e3o do cidad\u00e3o.<\/p>\n<p>&nbsp;<\/p>\n<p>No caso da primeira inf\u00e2ncia, o Renda Brasil ser\u00e1 acoplado a um programa de creches. No renda cidad\u00e3, o Bolsa Fam\u00edlia ser\u00e1 substitu\u00eddo, mas continuar\u00e1 havendo as condi\u00e7\u00f5es de elegibilidade. Ser\u00e3o consideradas fam\u00edlias extremamente pobres aquelas com renda per capita de at\u00e9 R$ 100. As pobres, com renda per capita de R$ 100 a R$ 200.<\/p>\n<p>&nbsp;<\/p>\n<p>Quanto ao incentivo ao m\u00e9rito, o Renda Brasil deve premiar com remunera\u00e7\u00e3o extra o aluno que tiver melhor desempenho escolar ou esportivo.<\/p>\n<p>&nbsp;<\/p>\n<p>No caso \u00e0 emancipa\u00e7\u00e3o do cidad\u00e3o, ser\u00e3o dados incentivos para a contrata\u00e7\u00e3o de trabalhadores por meio da\u00a0Carteira Verde e Amarela, por meio da desonera\u00e7\u00e3o da folha de pagamento das empresas.\u00a0Os contratados por meio da nova modalidade receber\u00e3o o que o governo chama de imposto de renda negativo, isto \u00e9, uma complementa\u00e7\u00e3o na renda para completar o sal\u00e1rio m\u00ednimo (R$ 1.045).<\/p>\n<p>&nbsp;<\/p>\n<p>\u00c9 importante ressaltar que toda essa engrenagem depende de apoio do Congresso. O Renda Brasil, por exemplo, vai fundir uma s\u00e9rie de benef\u00edcios, como o abono salarial e o sal\u00e1rio fam\u00edlia, cujas extin\u00e7\u00f5es dependem de aprova\u00e7\u00e3o de uma Proposta de Emenda \u00e0 Constitui\u00e7\u00e3o (PEC). J\u00e1 o fim do Farm\u00e1cia Popular e do seguro defeso, cujos recursos tamb\u00e9m ser\u00e3o usados para turbinar o Renda Brasil, depende de aprova\u00e7\u00e3o de projeto de lei.<\/p>\n<p>O Renda Brasil deve custar R$ 52 bilh\u00f5es por ano \u2014 hoje, o Bolsa fam\u00edlia gira em torno de R$ 30 bilh\u00f5es. O programa est\u00e1 sendo tocado pessoalmente pelo ministro Paulo Guedes e pelo secret\u00e1rio especial de Previd\u00eancia e Trabalho, Bruno Bianco.<\/p>\n<p>&nbsp;<\/p>\n<p>O Tesouro Nacional e a Secretaria de Or\u00e7amento Federal (SOF) est\u00e3o acompanhando tudo de longe.<\/p>\n<p>&nbsp;<\/p>\n<p><em>Bras\u00edlia, 13h01min<\/em><\/p>\n","protected":false},"excerpt":{"rendered":"<p>O Renda Brasil, que nada mais ser\u00e1 do que o Bolsa Fam\u00edlia turbinado, ser\u00e1 dividido em quatro eixos, conforme desenho que est\u00e1 sendo fechado pelo Minist\u00e9rio da Economia. A princ\u00edpio, o programa, que dever\u00e1 ter valor m\u00e9dio de R$ 247 por m\u00eas, ser\u00e1 lan\u00e7ado nesta ter\u00e7a-feira (25\/08). &nbsp; Os quatro eixos s\u00e3o: 1) Primeira inf\u00e2ncia; [&hellip;]<\/p>\n","protected":false},"author":22,"featured_media":15234,"comment_status":"open","ping_status":"closed","sticky":false,"template":"","format":"standard","meta":{"footnotes":""},"categories":[600],"tags":[],"class_list":["post-15401","post","type-post","status-publish","format-standard","has-post-thumbnail","hentry","category-economia"],"_links":{"self":[{"href":"https:\/\/blogs.correiobraziliense.com.br\/vicente\/wp-json\/wp\/v2\/posts\/15401","targetHints":{"allow":["GET"]}}],"collection":[{"href":"https:\/\/blogs.correiobraziliense.com.br\/vicente\/wp-json\/wp\/v2\/posts"}],"about":[{"href":"https:\/\/blogs.correiobraziliense.com.br\/vicente\/wp-json\/wp\/v2\/types\/post"}],"author":[{"embeddable":true,"href":"https:\/\/blogs.correiobraziliense.com.br\/vicente\/wp-json\/wp\/v2\/users\/22"}],"replies":[{"embeddable":true,"href":"https:\/\/blogs.correiobraziliense.com.br\/vicente\/wp-json\/wp\/v2\/comments?post=15401"}],"version-history":[{"count":1,"href":"https:\/\/blogs.correiobraziliense.com.br\/vicente\/wp-json\/wp\/v2\/posts\/15401\/revisions"}],"predecessor-version":[{"id":15406,"href":"https:\/\/blogs.correiobraziliense.com.br\/vicente\/wp-json\/wp\/v2\/posts\/15401\/revisions\/15406"}],"wp:featuredmedia":[{"embeddable":true,"href":"https:\/\/blogs.correiobraziliense.com.br\/vicente\/wp-json\/wp\/v2\/media\/15234"}],"wp:attachment":[{"href":"https:\/\/blogs.correiobraziliense.com.br\/vicente\/wp-json\/wp\/v2\/media?parent=15401"}],"wp:term":[{"taxonomy":"category","embeddable":true,"href":"https:\/\/blogs.correiobraziliense.com.br\/vicente\/wp-json\/wp\/v2\/categories?post=15401"},{"taxonomy":"post_tag","embeddable":true,"href":"https:\/\/blogs.correiobraziliense.com.br\/vicente\/wp-json\/wp\/v2\/tags?post=15401"}],"curies":[{"name":"wp","href":"https:\/\/api.w.org\/{rel}","templated":true}]}}