{"id":15388,"date":"2020-08-24T11:45:50","date_gmt":"2020-08-24T14:45:50","guid":{"rendered":"https:\/\/blogs.correiobraziliense.com.br\/vicente\/?p=15388"},"modified":"2020-08-25T15:04:26","modified_gmt":"2020-08-25T18:04:26","slug":"assessor-do-stf-furta-cones-de-predio-e-caso-vai-parar-na-policia","status":"publish","type":"post","link":"https:\/\/blogs.correiobraziliense.com.br\/vicente\/assessor-do-stf-furta-cones-de-predio-e-caso-vai-parar-na-policia\/","title":{"rendered":"Assessor do STF furta cones de pr\u00e9dio e caso vai parar na pol\u00edcia"},"content":{"rendered":"<h2>Um advogado famoso de Bras\u00edlia, que trabalha na assessoria do Supremo Tribunal Federal (STF) e tem sal\u00e1rio bruto de R$ 25.362,38, foi filmado furtando dois cones no estacionamento do edif\u00edcio ao lado do que mora no Sudoeste, uma das \u00e1reas mais nobres da capital do pa\u00eds.<\/h2>\n<p>&nbsp;<\/p>\n<p>O furto ocorreu no final da manh\u00e3 de s\u00e1bado (22\/08) e foi denunciado, por meio do sistema on-line, \u00e0 Pol\u00edcia Civil pelo Condom\u00ednio Edif\u00edcio Via Buriti, na Quadra 300. O caso foi registrado pelo 3\u00aa Delegacia de Pol\u00edcia (<strong>veja c\u00f3pia abaixo<\/strong>), que abriu investiga\u00e7\u00e3o.<\/p>\n<p>&nbsp;<\/p>\n<p><a href=\"https:\/\/blogs.correiobraziliense.com.br\/vicente\/wp-content\/uploads\/sites\/16\/2020\/08\/RegistroSTF.jpg\"><img loading=\"lazy\" decoding=\"async\" class=\"alignnone size-large wp-image-15389\" src=\"https:\/\/blogs.correiobraziliense.com.br\/vicente\/wp-content\/uploads\/sites\/16\/2020\/08\/RegistroSTF-723x1024.jpg\" alt=\"\" width=\"723\" height=\"1024\" srcset=\"https:\/\/blogs.correiobraziliense.com.br\/vicente\/wp-content\/uploads\/sites\/16\/2020\/08\/RegistroSTF-723x1024.jpg 723w, https:\/\/blogs.correiobraziliense.com.br\/vicente\/wp-content\/uploads\/sites\/16\/2020\/08\/RegistroSTF-212x300.jpg 212w, https:\/\/blogs.correiobraziliense.com.br\/vicente\/wp-content\/uploads\/sites\/16\/2020\/08\/RegistroSTF-768x1087.jpg 768w, https:\/\/blogs.correiobraziliense.com.br\/vicente\/wp-content\/uploads\/sites\/16\/2020\/08\/RegistroSTF-550x779.jpg 550w, https:\/\/blogs.correiobraziliense.com.br\/vicente\/wp-content\/uploads\/sites\/16\/2020\/08\/RegistroSTF-230x326.jpg 230w, https:\/\/blogs.correiobraziliense.com.br\/vicente\/wp-content\/uploads\/sites\/16\/2020\/08\/RegistroSTF.jpg 904w\" sizes=\"auto, (max-width: 723px) 100vw, 723px\" \/><\/a><\/p>\n<p>&nbsp;<\/p>\n<p>No meio da tarde de domingo (23\/08), o advogado\u00a0Fernando de Magalh\u00e3es Furlan, que j\u00e1 foi ministro do Desenvolvimento no governo de Dilma Rousseff, devolveu os cones no domingo, final da tarde.<\/p>\n<p>&nbsp;<\/p>\n<p>O assessor do STF e ex-ministro retirou os objetos do furto de dentro do carro, que era alugado. Ele voltava de um passeio com os cachorros, que estavam dentro do ve\u00edculo.<\/p>\n<p>&nbsp;<\/p>\n<p><em>Bras\u00edlia, 11h45min<\/em><\/p>\n","protected":false},"excerpt":{"rendered":"<p>Um advogado famoso de Bras\u00edlia, que trabalha na assessoria do Supremo Tribunal Federal (STF) e tem sal\u00e1rio bruto de R$ 25.362,38, foi filmado furtando dois cones no estacionamento do edif\u00edcio ao lado do que mora no Sudoeste, uma das \u00e1reas mais nobres da capital do pa\u00eds. &nbsp; O furto ocorreu no final da manh\u00e3 de [&hellip;]<\/p>\n","protected":false},"author":22,"featured_media":15390,"comment_status":"open","ping_status":"closed","sticky":false,"template":"","format":"standard","meta":{"footnotes":""},"categories":[600],"tags":[4860,4858,4667,4859,3042,192,3233],"class_list":["post-15388","post","type-post","status-publish","format-standard","has-post-thumbnail","hentry","category-economia","tag-advogado","tag-cones","tag-ex-ministro","tag-furto","tag-predio","tag-stf","tag-sudoeste"],"_links":{"self":[{"href":"https:\/\/blogs.correiobraziliense.com.br\/vicente\/wp-json\/wp\/v2\/posts\/15388","targetHints":{"allow":["GET"]}}],"collection":[{"href":"https:\/\/blogs.correiobraziliense.com.br\/vicente\/wp-json\/wp\/v2\/posts"}],"about":[{"href":"https:\/\/blogs.correiobraziliense.com.br\/vicente\/wp-json\/wp\/v2\/types\/post"}],"author":[{"embeddable":true,"href":"https:\/\/blogs.correiobraziliense.com.br\/vicente\/wp-json\/wp\/v2\/users\/22"}],"replies":[{"embeddable":true,"href":"https:\/\/blogs.correiobraziliense.com.br\/vicente\/wp-json\/wp\/v2\/comments?post=15388"}],"version-history":[{"count":18,"href":"https:\/\/blogs.correiobraziliense.com.br\/vicente\/wp-json\/wp\/v2\/posts\/15388\/revisions"}],"predecessor-version":[{"id":15433,"href":"https:\/\/blogs.correiobraziliense.com.br\/vicente\/wp-json\/wp\/v2\/posts\/15388\/revisions\/15433"}],"wp:featuredmedia":[{"embeddable":true,"href":"https:\/\/blogs.correiobraziliense.com.br\/vicente\/wp-json\/wp\/v2\/media\/15390"}],"wp:attachment":[{"href":"https:\/\/blogs.correiobraziliense.com.br\/vicente\/wp-json\/wp\/v2\/media?parent=15388"}],"wp:term":[{"taxonomy":"category","embeddable":true,"href":"https:\/\/blogs.correiobraziliense.com.br\/vicente\/wp-json\/wp\/v2\/categories?post=15388"},{"taxonomy":"post_tag","embeddable":true,"href":"https:\/\/blogs.correiobraziliense.com.br\/vicente\/wp-json\/wp\/v2\/tags?post=15388"}],"curies":[{"name":"wp","href":"https:\/\/api.w.org\/{rel}","templated":true}]}}