{"id":15374,"date":"2020-08-23T22:41:03","date_gmt":"2020-08-24T01:41:03","guid":{"rendered":"https:\/\/blogs.correiobraziliense.com.br\/vicente\/?p=15374"},"modified":"2020-08-23T22:49:36","modified_gmt":"2020-08-24T01:49:36","slug":"planos-de-saude-recorrem-a-fraudes-para-expulsar-idosos","status":"publish","type":"post","link":"https:\/\/blogs.correiobraziliense.com.br\/vicente\/planos-de-saude-recorrem-a-fraudes-para-expulsar-idosos\/","title":{"rendered":"Planos de sa\u00fade recorrem a fraudes para expulsar idosos"},"content":{"rendered":"<h2>A falta de respeito dos planos de sa\u00fade com os idosos n\u00e3o tem limite. Ao <a href=\"https:\/\/blogs.correiobraziliense.com.br\/vicente\/pessoas-com-mais-de-60-anos-sao-expulsas-de-planos-de-saude\/\">expuls\u00e1-los dos conv\u00eanios<\/a>, as operadoras encaminham cartas como se os pedidos de cancelamento do plano tivessem partido dos pr\u00f3prios benefici\u00e1rios. Isso tem uma defini\u00e7\u00e3o clara, segundo a Justi\u00e7a: fraude.<\/h2>\n<p>&nbsp;<\/p>\n<p>N\u00e3o por acaso, foi enorme o apoio \u00e0 rea\u00e7\u00e3o de apoio ao <a href=\"https:\/\/blogs.correiobraziliense.com.br\/vicente\/rodrigo-maia-toca-o-terror-e-diretoria-da-ans-entra-em-panico\/\">presidente da C\u00e2mara, Rodrigo Maia<\/a>, que obrigou a Ag\u00eancia Nacional de Sa\u00fade Suplementar (ANS) a suspender reajuste de 25% nas mensalidades dos planos at\u00e9 o fim de 2020. A percep\u00e7\u00e3o geral \u00e9 de que, entre os consumidores e as empresas, a ANS fica com as empresas.<\/p>\n<p>&nbsp;<\/p>\n<p><em>Bras\u00edlia, 22h41min<\/em><\/p>\n","protected":false},"excerpt":{"rendered":"<p>A falta de respeito dos planos de sa\u00fade com os idosos n\u00e3o tem limite. Ao expuls\u00e1-los dos conv\u00eanios, as operadoras encaminham cartas como se os pedidos de cancelamento do plano tivessem partido dos pr\u00f3prios benefici\u00e1rios. Isso tem uma defini\u00e7\u00e3o clara, segundo a Justi\u00e7a: fraude. &nbsp; N\u00e3o por acaso, foi enorme o apoio \u00e0 rea\u00e7\u00e3o de [&hellip;]<\/p>\n","protected":false},"author":22,"featured_media":10384,"comment_status":"open","ping_status":"closed","sticky":false,"template":"","format":"standard","meta":{"footnotes":""},"categories":[600],"tags":[711,217,215,124,656],"class_list":["post-15374","post","type-post","status-publish","format-standard","has-post-thumbnail","hentry","category-economia","tag-ans","tag-idosos","tag-planos-de-saude","tag-reajustes","tag-rodrigo-maia"],"_links":{"self":[{"href":"https:\/\/blogs.correiobraziliense.com.br\/vicente\/wp-json\/wp\/v2\/posts\/15374","targetHints":{"allow":["GET"]}}],"collection":[{"href":"https:\/\/blogs.correiobraziliense.com.br\/vicente\/wp-json\/wp\/v2\/posts"}],"about":[{"href":"https:\/\/blogs.correiobraziliense.com.br\/vicente\/wp-json\/wp\/v2\/types\/post"}],"author":[{"embeddable":true,"href":"https:\/\/blogs.correiobraziliense.com.br\/vicente\/wp-json\/wp\/v2\/users\/22"}],"replies":[{"embeddable":true,"href":"https:\/\/blogs.correiobraziliense.com.br\/vicente\/wp-json\/wp\/v2\/comments?post=15374"}],"version-history":[{"count":1,"href":"https:\/\/blogs.correiobraziliense.com.br\/vicente\/wp-json\/wp\/v2\/posts\/15374\/revisions"}],"predecessor-version":[{"id":15375,"href":"https:\/\/blogs.correiobraziliense.com.br\/vicente\/wp-json\/wp\/v2\/posts\/15374\/revisions\/15375"}],"wp:featuredmedia":[{"embeddable":true,"href":"https:\/\/blogs.correiobraziliense.com.br\/vicente\/wp-json\/wp\/v2\/media\/10384"}],"wp:attachment":[{"href":"https:\/\/blogs.correiobraziliense.com.br\/vicente\/wp-json\/wp\/v2\/media?parent=15374"}],"wp:term":[{"taxonomy":"category","embeddable":true,"href":"https:\/\/blogs.correiobraziliense.com.br\/vicente\/wp-json\/wp\/v2\/categories?post=15374"},{"taxonomy":"post_tag","embeddable":true,"href":"https:\/\/blogs.correiobraziliense.com.br\/vicente\/wp-json\/wp\/v2\/tags?post=15374"}],"curies":[{"name":"wp","href":"https:\/\/api.w.org\/{rel}","templated":true}]}}