{"id":15370,"date":"2020-08-23T17:19:02","date_gmt":"2020-08-23T20:19:02","guid":{"rendered":"https:\/\/blogs.correiobraziliense.com.br\/vicente\/?p=15370"},"modified":"2020-08-23T18:28:30","modified_gmt":"2020-08-23T21:28:30","slug":"planalto-quer-mostrar-que-pro-brasil-e-diferente-de-planos-de-outros-governos","status":"publish","type":"post","link":"https:\/\/blogs.correiobraziliense.com.br\/vicente\/planalto-quer-mostrar-que-pro-brasil-e-diferente-de-planos-de-outros-governos\/","title":{"rendered":"Planalto quer mostrar que Pr\u00f3-Brasil \u00e9 diferente de planos de outros governos"},"content":{"rendered":"<h2>A expectativa no Pal\u00e1cio do Planalto \u00e9 de que a semana que come\u00e7a seja \u201cgloriosa\u201d para o governo, que vem surfando numa onda de popularidade crescente, sem que ningu\u00e9m, sobretudo da oposi\u00e7\u00e3o, fa\u00e7a sombra ao presidente <a href=\"https:\/\/blogs.correiobraziliense.com.br\/vicente\/nos-600-dias-de-governo-bolsonaro-dira-que-acoes-na-saude-e-na-economia-evitaram-o-pior-na-pandemia\/\">Jair Bolsonaro<\/a>.<\/h2>\n<p>&nbsp;<\/p>\n<p>A ordem \u00e9 bater bumbo para alavancar os programas que ser\u00e3o lan\u00e7ados de ter\u00e7a-feira (25\/08) at\u00e9 sexta-feira (28\/08), que v\u00e3o do Renda Brasil a um conjunto de obras e promessas de mais emprego e de tornar a economia brasileira menos burocr\u00e1tica e mais amig\u00e1vel ao capital \u2013 tudo sob o chap\u00e9u <a href=\"https:\/\/blogs.correiobraziliense.com.br\/vicente\/depois-de-todo-estresse-no-governo-pro-brasil-saira-do-papel\/\">Pr\u00f3-Brasil<\/a>.<\/p>\n<p>&nbsp;<\/p>\n<p>O roteiro j\u00e1 foi preparado pelo ministro da Casa Civil, Braga Netto, com a ajuda dos ministros do Desenvolvimento Regional, Rog\u00e9rio Marinho, e da Infraestrutura, Tarc\u00edsio Freitas, e, agora, com o apoio do ministro da Economia, Paulo Guedes. O discurso a ser entoado por Bolsonaro e seus ministros \u00e9 o de que todos os programas lan\u00e7ados diferem-se do que foi feito pelos governos anteriores.<\/p>\n<p>&nbsp;<\/p>\n<p>Diz o Planalto: \u201cA grande diferen\u00e7a do Pr\u00f3-Brasil s\u00e3o as reformas estruturantes e normativas do Eixo Ordem, que possibilitar\u00e3o a transforma\u00e7\u00e3o do Estado, a melhoria do ambiente de neg\u00f3cios e a retomada da confian\u00e7a de investidores para a atra\u00e7\u00e3o do capital privado, como principal fonte de financiamento do plano, conferindo sustentabilidade de longo prazo \u00e0 retomada do crescimento econ\u00f4mico do pa\u00eds\u201d.<\/p>\n<p>&nbsp;<\/p>\n<p>E acrescenta: \u201cNovos projetos somente ingressar\u00e3o no Pr\u00f3-Brasil, uma carteira din\u00e2mica, \u00e0 medida que aqueles que j\u00e1 constam no plano sejam conclu\u00eddos\u201d. Quer dizer: \u201cobras n\u00e3o ser\u00e3o deixadas de lado\u201d. Em meio \u00e0 desconfian\u00e7a dos agentes econ\u00f4micos ante o \u00edmpeto gastador de Bolsonaro, o governo ressalta: \u201cO Pr\u00f3-Brasil \u00e9 sustent\u00e1vel economicamente, pois preza pela <a href=\"https:\/\/blogs.correiobraziliense.com.br\/vicente\/estamos-todos-debaixo-do-mesmo-teto-diz-guedes-ao-lado-de-marinho\/\">responsabilidade fiscal<\/a>, pela racionaliza\u00e7\u00e3o dos gastos p\u00fablicos e pelo protagonismo da iniciativa privada\u201d. A conferir.<\/p>\n<p>&nbsp;<\/p>\n<p><em>Bras\u00edlia, 17h19min<\/em><\/p>\n","protected":false},"excerpt":{"rendered":"<p>A expectativa no Pal\u00e1cio do Planalto \u00e9 de que a semana que come\u00e7a seja \u201cgloriosa\u201d para o governo, que vem surfando numa onda de popularidade crescente, sem que ningu\u00e9m, sobretudo da oposi\u00e7\u00e3o, fa\u00e7a sombra ao presidente Jair Bolsonaro. &nbsp; A ordem \u00e9 bater bumbo para alavancar os programas que ser\u00e3o lan\u00e7ados de ter\u00e7a-feira (25\/08) at\u00e9 [&hellip;]<\/p>\n","protected":false},"author":22,"featured_media":15172,"comment_status":"open","ping_status":"closed","sticky":false,"template":"","format":"standard","meta":{"footnotes":""},"categories":[600],"tags":[2554,1302,2400,2731,2606,4111,4851],"class_list":["post-15370","post","type-post","status-publish","format-standard","has-post-thumbnail","hentry","category-economia","tag-bolsonaro","tag-casa-civil","tag-empregos","tag-planalto","tag-planos","tag-popularidade","tag-pro-brasil"],"_links":{"self":[{"href":"https:\/\/blogs.correiobraziliense.com.br\/vicente\/wp-json\/wp\/v2\/posts\/15370","targetHints":{"allow":["GET"]}}],"collection":[{"href":"https:\/\/blogs.correiobraziliense.com.br\/vicente\/wp-json\/wp\/v2\/posts"}],"about":[{"href":"https:\/\/blogs.correiobraziliense.com.br\/vicente\/wp-json\/wp\/v2\/types\/post"}],"author":[{"embeddable":true,"href":"https:\/\/blogs.correiobraziliense.com.br\/vicente\/wp-json\/wp\/v2\/users\/22"}],"replies":[{"embeddable":true,"href":"https:\/\/blogs.correiobraziliense.com.br\/vicente\/wp-json\/wp\/v2\/comments?post=15370"}],"version-history":[{"count":1,"href":"https:\/\/blogs.correiobraziliense.com.br\/vicente\/wp-json\/wp\/v2\/posts\/15370\/revisions"}],"predecessor-version":[{"id":15371,"href":"https:\/\/blogs.correiobraziliense.com.br\/vicente\/wp-json\/wp\/v2\/posts\/15370\/revisions\/15371"}],"wp:featuredmedia":[{"embeddable":true,"href":"https:\/\/blogs.correiobraziliense.com.br\/vicente\/wp-json\/wp\/v2\/media\/15172"}],"wp:attachment":[{"href":"https:\/\/blogs.correiobraziliense.com.br\/vicente\/wp-json\/wp\/v2\/media?parent=15370"}],"wp:term":[{"taxonomy":"category","embeddable":true,"href":"https:\/\/blogs.correiobraziliense.com.br\/vicente\/wp-json\/wp\/v2\/categories?post=15370"},{"taxonomy":"post_tag","embeddable":true,"href":"https:\/\/blogs.correiobraziliense.com.br\/vicente\/wp-json\/wp\/v2\/tags?post=15370"}],"curies":[{"name":"wp","href":"https:\/\/api.w.org\/{rel}","templated":true}]}}