{"id":15355,"date":"2020-08-21T07:06:10","date_gmt":"2020-08-21T10:06:10","guid":{"rendered":"https:\/\/blogs.correiobraziliense.com.br\/vicente\/?p=15355"},"modified":"2020-08-21T12:57:14","modified_gmt":"2020-08-21T15:57:14","slug":"a-fragilidade-da-reforma-administrativa-ante-as-corporacoes","status":"publish","type":"post","link":"https:\/\/blogs.correiobraziliense.com.br\/vicente\/a-fragilidade-da-reforma-administrativa-ante-as-corporacoes\/","title":{"rendered":"A fragilidade da reforma administrativa ante as corpora\u00e7\u00f5es"},"content":{"rendered":"<h2>A equipe econ\u00f4mica entrou em estado de alerta diante da derrota sofrida pelo governo no Senado, que derrubou o veto do presidente Jair Bolsonaro a reajustes de servidores at\u00e9 o fim de 2021. Ainda que a C\u00e2mara tenha revertido o estrago, ficou claro que ser\u00e1 uma tarefa herc\u00falea para o Minist\u00e9rio da Economia levar adiante a reforma administrativa, caso o presidente Jair Bolsonaro resolva encampar o projeto. As resist\u00eancias a mudan\u00e7as na estrutura do governo e \u00e0 redu\u00e7\u00e3o de privil\u00e9gios s\u00e3o enormes e est\u00e3o arraigadas no Congresso.<\/h2>\n<p>&nbsp;<\/p>\n<p>Antes mesmo de os senadores enfiarem a faca no governo, a equipe econ\u00f4mica j\u00e1 vinha enfrentando dissabores no Legislativo. Dava-se como certa, por exemplo, a aprova\u00e7\u00e3o da Medida Provis\u00f3ria 922, que permitia a contrata\u00e7\u00e3o tempor\u00e1ria de servidores para \u00f3rg\u00e3os federais. Esse expediente foi lan\u00e7ado para atender demandas emergenciais do Instituto Nacional do Seguro Social (INSS), da \u00e1rea da sa\u00fade e do Instituto Brasileiro do Meio Ambiente e dos Recursos Naturais Renov\u00e1veis (Ibama). Quase 20 mil pessoas foram incorporadas ao servi\u00e7o p\u00fablico por meio desse mecanismo. Mas a MP caducou por falta de vontade, sobretudo da oposi\u00e7\u00e3o, de coloc\u00e1-la na pauta de vota\u00e7\u00f5es.<\/p>\n<p>&nbsp;<\/p>\n<p>O lobby contr\u00e1rio foi o de que a MP 922, se aprovada, permitiria ao governo substituir servidores concursados por trabalhadores tempor\u00e1rios, mesmo em \u00e1reas estrat\u00e9gicas. Seria uma forma de burlar a obrigatoriedade de sele\u00e7\u00f5es p\u00fablicas, que est\u00e3o cada vez mais reduzidas. A equipe econ\u00f4mica argumentou que a contrata\u00e7\u00e3o tempor\u00e1ria daria mais agilidade ao governo, al\u00e9m de n\u00e3o criar v\u00ednculos por cerca de 60 anos, tempo que um concursado custa para os cofres p\u00fablicos.<\/p>\n<p>&nbsp;<\/p>\n<p>Se, nesse ponto, que era considerado tranquilo pela equipe econ\u00f4mica, imagine quando entrar na pauta do Congresso a discuss\u00e3o sobre o Artigo 41 da Constitui\u00e7\u00e3o, que trata da estabilidade dos servidores. Hoje, eles s\u00e3o considerados est\u00e1veis depois de tr\u00eas anos de efetivo exerc\u00edcio das fun\u00e7\u00f5es e s\u00f3 perdem os cargos diante de senten\u00e7a judicial transitada em julgado ou mediante processo administrativo em que seja assegurada ampla defesa. O desejo da equipe de Paulo Guedes \u00e9 de que a estabilidade s\u00f3 se torne efetiva depois de 10 anos no servi\u00e7o p\u00fablico.<\/p>\n<p>&nbsp;<\/p>\n<p>A equipe econ\u00f4mica sabe que o Legislativo re\u00fane hoje, como parlamentares, representantes de v\u00e1rias corpora\u00e7\u00f5es, sobretudo, de militares. Portanto, para que a esperada reforma administrativa v\u00e1 adiante e atropele os grupos contr\u00e1rios, ser\u00e1 preciso um envolvimento muito forte de Bolsonaro \u2014 o que n\u00e3o se viu na reforma da Previd\u00eancia \u2014 e uma press\u00e3o enorme da sociedade. Por enquanto, nenhuma coisa nem outra est\u00e1 no radar.<\/p>\n<p>&nbsp;<\/p>\n<p><em>Bras\u00edlia, 07h06min<\/em><\/p>\n","protected":false},"excerpt":{"rendered":"<p>A equipe econ\u00f4mica entrou em estado de alerta diante da derrota sofrida pelo governo no Senado, que derrubou o veto do presidente Jair Bolsonaro a reajustes de servidores at\u00e9 o fim de 2021. Ainda que a C\u00e2mara tenha revertido o estrago, ficou claro que ser\u00e1 uma tarefa herc\u00falea para o Minist\u00e9rio da Economia levar adiante [&hellip;]<\/p>\n","protected":false},"author":22,"featured_media":9892,"comment_status":"open","ping_status":"closed","sticky":false,"template":"","format":"standard","meta":{"footnotes":""},"categories":[600],"tags":[2554,254,856,360,467,124,1004,586,123],"class_list":["post-15355","post","type-post","status-publish","format-standard","has-post-thumbnail","hentry","category-economia","tag-bolsonaro","tag-congresso","tag-derrota","tag-equipe-economica","tag-governo","tag-reajustes","tag-reforma-administrativa","tag-senado","tag-servidores"],"_links":{"self":[{"href":"https:\/\/blogs.correiobraziliense.com.br\/vicente\/wp-json\/wp\/v2\/posts\/15355","targetHints":{"allow":["GET"]}}],"collection":[{"href":"https:\/\/blogs.correiobraziliense.com.br\/vicente\/wp-json\/wp\/v2\/posts"}],"about":[{"href":"https:\/\/blogs.correiobraziliense.com.br\/vicente\/wp-json\/wp\/v2\/types\/post"}],"author":[{"embeddable":true,"href":"https:\/\/blogs.correiobraziliense.com.br\/vicente\/wp-json\/wp\/v2\/users\/22"}],"replies":[{"embeddable":true,"href":"https:\/\/blogs.correiobraziliense.com.br\/vicente\/wp-json\/wp\/v2\/comments?post=15355"}],"version-history":[{"count":2,"href":"https:\/\/blogs.correiobraziliense.com.br\/vicente\/wp-json\/wp\/v2\/posts\/15355\/revisions"}],"predecessor-version":[{"id":15359,"href":"https:\/\/blogs.correiobraziliense.com.br\/vicente\/wp-json\/wp\/v2\/posts\/15355\/revisions\/15359"}],"wp:featuredmedia":[{"embeddable":true,"href":"https:\/\/blogs.correiobraziliense.com.br\/vicente\/wp-json\/wp\/v2\/media\/9892"}],"wp:attachment":[{"href":"https:\/\/blogs.correiobraziliense.com.br\/vicente\/wp-json\/wp\/v2\/media?parent=15355"}],"wp:term":[{"taxonomy":"category","embeddable":true,"href":"https:\/\/blogs.correiobraziliense.com.br\/vicente\/wp-json\/wp\/v2\/categories?post=15355"},{"taxonomy":"post_tag","embeddable":true,"href":"https:\/\/blogs.correiobraziliense.com.br\/vicente\/wp-json\/wp\/v2\/tags?post=15355"}],"curies":[{"name":"wp","href":"https:\/\/api.w.org\/{rel}","templated":true}]}}