{"id":15346,"date":"2020-08-20T09:39:29","date_gmt":"2020-08-20T12:39:29","guid":{"rendered":"https:\/\/blogs.correiobraziliense.com.br\/vicente\/?p=15346"},"modified":"2020-08-20T11:45:17","modified_gmt":"2020-08-20T14:45:17","slug":"servidores-sustentam-arrecadacao-de-impostos-sobre-a-renda-do-trabalho","status":"publish","type":"post","link":"https:\/\/blogs.correiobraziliense.com.br\/vicente\/servidores-sustentam-arrecadacao-de-impostos-sobre-a-renda-do-trabalho\/","title":{"rendered":"Servidores sustentam arrecada\u00e7\u00e3o de impostos sobre a renda do trabalho"},"content":{"rendered":"<h2>Apesar de o desemprego estar nas alturas no Brasil \u2014 mais de 40 milh\u00f5es de pessoas buscam oportunidades no mercado de trabalho \u2014, a arrecada\u00e7\u00e3o da Receita Federal sobre os contracheques dos trabalhadores continua firme.<\/h2>\n<p>&nbsp;<\/p>\n<p>Enquanto as receitas totais desabaram 15% nos primeiros seis meses do ano ante o mesmo per\u00edodo de 2019, o imposto sobre a renda do trabalho cedeu apenas 0,61% na mesma base de compara\u00e7\u00e3o.<\/p>\n<p>&nbsp;<\/p>\n<p>Diz a Receita: entre janeiro e junho de 2020, os trabalhadores recolheram R$ 66,6 bilh\u00f5es aos cofres p\u00fablicos. Em iguais meses do ano passado, a fatura ficou em R$ 67 bilh\u00f5es.<\/p>\n<p>&nbsp;<\/p>\n<p>Uma das justificativas apresentadas pelos especialistas para esse resultado \u00e9 a estabilidade de renda dos servidores p\u00fablicos. Independentemente da pandemia do novo coronav\u00edrus, eles mantiveram os empregos e os sal\u00e1rios, que s\u00e3o acima da m\u00e9dia de mercado.<\/p>\n<p>&nbsp;<\/p>\n<p>Pelos c\u00e1lculos da Receita, neste ano, 32 milh\u00f5es de pessoas prestaram contas ao Fisco. Parte significativa dos declarantes \u00e9 de funcion\u00e1rios p\u00fablicos. Estamos falando de um contingente de 11,5 milh\u00f5es de pessoas, que custaram, em 2019, R$ 928 bilh\u00f5es \u00e0 Uni\u00e3o, aos estados, ao Distrito Federal e aos munic\u00edpios.<\/p>\n<p>&nbsp;<\/p>\n<p>Tamb\u00e9m ajudaram a arrecada\u00e7\u00e3o de impostos sobre a renda do trabalho os programas do governo que garantiram a preserva\u00e7\u00e3o de empregos de quem ganha mais.<\/p>\n<p>&nbsp;<\/p>\n<p><em>Bras\u00edlia, 09h39min<\/em><\/p>\n","protected":false},"excerpt":{"rendered":"<p>Apesar de o desemprego estar nas alturas no Brasil \u2014 mais de 40 milh\u00f5es de pessoas buscam oportunidades no mercado de trabalho \u2014, a arrecada\u00e7\u00e3o da Receita Federal sobre os contracheques dos trabalhadores continua firme. &nbsp; Enquanto as receitas totais desabaram 15% nos primeiros seis meses do ano ante o mesmo per\u00edodo de 2019, o [&hellip;]<\/p>\n","protected":false},"author":22,"featured_media":10448,"comment_status":"open","ping_status":"closed","sticky":false,"template":"","format":"standard","meta":{"footnotes":""},"categories":[600],"tags":[297,660,528,123,2307],"class_list":["post-15346","post","type-post","status-publish","format-standard","has-post-thumbnail","hentry","category-economia","tag-arrecadacao","tag-receita","tag-renda","tag-servidores","tag-trabalho"],"_links":{"self":[{"href":"https:\/\/blogs.correiobraziliense.com.br\/vicente\/wp-json\/wp\/v2\/posts\/15346","targetHints":{"allow":["GET"]}}],"collection":[{"href":"https:\/\/blogs.correiobraziliense.com.br\/vicente\/wp-json\/wp\/v2\/posts"}],"about":[{"href":"https:\/\/blogs.correiobraziliense.com.br\/vicente\/wp-json\/wp\/v2\/types\/post"}],"author":[{"embeddable":true,"href":"https:\/\/blogs.correiobraziliense.com.br\/vicente\/wp-json\/wp\/v2\/users\/22"}],"replies":[{"embeddable":true,"href":"https:\/\/blogs.correiobraziliense.com.br\/vicente\/wp-json\/wp\/v2\/comments?post=15346"}],"version-history":[{"count":1,"href":"https:\/\/blogs.correiobraziliense.com.br\/vicente\/wp-json\/wp\/v2\/posts\/15346\/revisions"}],"predecessor-version":[{"id":15347,"href":"https:\/\/blogs.correiobraziliense.com.br\/vicente\/wp-json\/wp\/v2\/posts\/15346\/revisions\/15347"}],"wp:featuredmedia":[{"embeddable":true,"href":"https:\/\/blogs.correiobraziliense.com.br\/vicente\/wp-json\/wp\/v2\/media\/10448"}],"wp:attachment":[{"href":"https:\/\/blogs.correiobraziliense.com.br\/vicente\/wp-json\/wp\/v2\/media?parent=15346"}],"wp:term":[{"taxonomy":"category","embeddable":true,"href":"https:\/\/blogs.correiobraziliense.com.br\/vicente\/wp-json\/wp\/v2\/categories?post=15346"},{"taxonomy":"post_tag","embeddable":true,"href":"https:\/\/blogs.correiobraziliense.com.br\/vicente\/wp-json\/wp\/v2\/tags?post=15346"}],"curies":[{"name":"wp","href":"https:\/\/api.w.org\/{rel}","templated":true}]}}