{"id":15343,"date":"2020-08-20T07:25:12","date_gmt":"2020-08-20T10:25:12","guid":{"rendered":"https:\/\/blogs.correiobraziliense.com.br\/vicente\/?p=15343"},"modified":"2020-08-20T11:37:45","modified_gmt":"2020-08-20T14:37:45","slug":"depois-de-todo-estresse-no-governo-pro-brasil-saira-do-papel","status":"publish","type":"post","link":"https:\/\/blogs.correiobraziliense.com.br\/vicente\/depois-de-todo-estresse-no-governo-pro-brasil-saira-do-papel\/","title":{"rendered":"Depois de todo estresse no governo, Pr\u00f3-Brasil sair\u00e1 do papel"},"content":{"rendered":"<h2>Estopim da briga entre os ministros da Economia, Paulo Guedes, e do Desenvolvimento Regional, Rog\u00e9rio Marinho, o programa Pr\u00f3-Brasil, que prev\u00ea um pacote de obras pa\u00eds afora, sair\u00e1 do papel mais r\u00e1pido do que se previa.<\/h2>\n<p>&nbsp;<\/p>\n<p>A perspectiva \u00e9 de que seja lan\u00e7ado, oficialmente, na pr\u00f3xima semana, com a participa\u00e7\u00e3o de toda a c\u00fapula do governo, inclusive do presidente da Rep\u00fablica, Jair Bolsonaro. S\u00f3 falta bater o martelo sobre o valor a ser destinado aos empreendimentos selecionados.<\/p>\n<p>&nbsp;<\/p>\n<p>Depois de todo o estresse com o an\u00fancio do Pr\u00f3-Brasil, em abril, pelos ministros da Casa Civil, Braga Netto, e da Infraestrutura, Tarc\u00edsio Freitas, e da quase sa\u00edda de Guedes do governo, que comparou o programa ao PAC de Dilma Rousseff, todos resolveram baixar as armas e chegou-se a um consenso para que Bolsonaro possa ter um projeto de obras para chamar de seu.<\/p>\n<p>&nbsp;<\/p>\n<p>Braga Netto e Guedes se acertaram na \u00faltima segunda-feira e Marinho bateu o martelo com o colega da Economia no noite de quarta-feira (19\/08). Agora, \u00e9 arrematar o mais importante \u2014 verbas dispon\u00edveis \u2014 e pegar o aval definitivo do presidente.<\/p>\n<p>&nbsp;<\/p>\n<p><strong>Guedes cedeu aos apelos do Planalto<\/strong><\/p>\n<p>&nbsp;<\/p>\n<p>Pelo projeto original, o Pr\u00f3-Brasil teria investimentos p\u00fablicos de R$ 30 bilh\u00f5es e contratos de concess\u00f5es \u00e0 iniciativa privada de R$ 250 bilh\u00f5es. Em meio \u00e0s brigas \u2014 Guedes disse que os cofres p\u00fablicos estavam em frangalhos e que, se o governo insistisse com o programa, estouraria o teto de gastos \u2014, Bolsonaro cogitou deixar o Pr\u00f3-Brasil para 2021.<\/p>\n<p>&nbsp;<\/p>\n<p>Mas, inebriado pelo aumento da popularidade, passou a estimular a briga por mais gastos. O ministro da Economia bateu o p\u00e9, por\u00e9m, acabou cedendo, j\u00e1 que se disp\u00f4s a ficar no cargo.<\/p>\n<p>&nbsp;<\/p>\n<p>Certamente, o Pr\u00f3-Brasil, que ser\u00e1 lan\u00e7ado nos pr\u00f3ximos dias, tende a ser menos ambicioso do que Braga Netto, Tarc\u00edsio e Marinho queriam. Contudo, o governo dar\u00e1 um claro sinal de que, sempre que puder, n\u00e3o economizar\u00e1 nos gastos.<\/p>\n<p>&nbsp;<\/p>\n<p>Sabe-se que j\u00e1 foi negociado com o Congresso o uso de cerca de R$ 5 bilh\u00f5es do Or\u00e7amento para as obras. Num quadro que, at\u00e9 alguns dias atr\u00e1s, muitos choravam mis\u00e9ria, garantiu-se uma bolada e tanto.<\/p>\n<p>&nbsp;<\/p>\n<p><em>Bras\u00edlia, 07h25min<\/em><\/p>\n","protected":false},"excerpt":{"rendered":"<p>Estopim da briga entre os ministros da Economia, Paulo Guedes, e do Desenvolvimento Regional, Rog\u00e9rio Marinho, o programa Pr\u00f3-Brasil, que prev\u00ea um pacote de obras pa\u00eds afora, sair\u00e1 do papel mais r\u00e1pido do que se previa. &nbsp; A perspectiva \u00e9 de que seja lan\u00e7ado, oficialmente, na pr\u00f3xima semana, com a participa\u00e7\u00e3o de toda a c\u00fapula [&hellip;]<\/p>\n","protected":false},"author":22,"featured_media":15344,"comment_status":"open","ping_status":"closed","sticky":false,"template":"","format":"standard","meta":{"footnotes":""},"categories":[600],"tags":[2554,3616,3693,4191,4111,2652,4851,4342,307],"class_list":["post-15343","post","type-post","status-publish","format-standard","has-post-thumbnail","hentry","category-economia","tag-bolsonaro","tag-guedes","tag-marinho","tag-obras","tag-popularidade","tag-presidente","tag-pro-brasil","tag-tarcisio","tag-teto-de-gastos"],"_links":{"self":[{"href":"https:\/\/blogs.correiobraziliense.com.br\/vicente\/wp-json\/wp\/v2\/posts\/15343","targetHints":{"allow":["GET"]}}],"collection":[{"href":"https:\/\/blogs.correiobraziliense.com.br\/vicente\/wp-json\/wp\/v2\/posts"}],"about":[{"href":"https:\/\/blogs.correiobraziliense.com.br\/vicente\/wp-json\/wp\/v2\/types\/post"}],"author":[{"embeddable":true,"href":"https:\/\/blogs.correiobraziliense.com.br\/vicente\/wp-json\/wp\/v2\/users\/22"}],"replies":[{"embeddable":true,"href":"https:\/\/blogs.correiobraziliense.com.br\/vicente\/wp-json\/wp\/v2\/comments?post=15343"}],"version-history":[{"count":1,"href":"https:\/\/blogs.correiobraziliense.com.br\/vicente\/wp-json\/wp\/v2\/posts\/15343\/revisions"}],"predecessor-version":[{"id":15345,"href":"https:\/\/blogs.correiobraziliense.com.br\/vicente\/wp-json\/wp\/v2\/posts\/15343\/revisions\/15345"}],"wp:featuredmedia":[{"embeddable":true,"href":"https:\/\/blogs.correiobraziliense.com.br\/vicente\/wp-json\/wp\/v2\/media\/15344"}],"wp:attachment":[{"href":"https:\/\/blogs.correiobraziliense.com.br\/vicente\/wp-json\/wp\/v2\/media?parent=15343"}],"wp:term":[{"taxonomy":"category","embeddable":true,"href":"https:\/\/blogs.correiobraziliense.com.br\/vicente\/wp-json\/wp\/v2\/categories?post=15343"},{"taxonomy":"post_tag","embeddable":true,"href":"https:\/\/blogs.correiobraziliense.com.br\/vicente\/wp-json\/wp\/v2\/tags?post=15343"}],"curies":[{"name":"wp","href":"https:\/\/api.w.org\/{rel}","templated":true}]}}