{"id":15340,"date":"2020-08-19T21:07:37","date_gmt":"2020-08-20T00:07:37","guid":{"rendered":"https:\/\/blogs.correiobraziliense.com.br\/vicente\/?p=15340"},"modified":"2020-08-20T12:33:10","modified_gmt":"2020-08-20T15:33:10","slug":"estamos-todos-debaixo-do-mesmo-teto-diz-guedes-ao-lado-de-marinho","status":"publish","type":"post","link":"https:\/\/blogs.correiobraziliense.com.br\/vicente\/estamos-todos-debaixo-do-mesmo-teto-diz-guedes-ao-lado-de-marinho\/","title":{"rendered":"&#8220;Estamos todos debaixo do mesmo teto&#8221;, diz Guedes ao lado de Marinho"},"content":{"rendered":"<h2>Numa clara tentativa de apaziguar os \u00e2nimos e p\u00f4r fim, pelo menos publicamente, \u00e0 guerra que travam nos bastidores do governo, os ministros da Economia, Paulo Guedes, e do Desenvolvimento Regional, Rog\u00e9rio Marinho, posaram para fotos e disseram que est\u00e3o &#8220;debaixo do mesmo teto&#8221;.<\/h2>\n<p>&nbsp;<\/p>\n<p>Foi uma refer\u00eancia ao teto de gastos, piv\u00f4 da batalha entre os dois. &#8220;Estamos todos debaixo do mesmo teto&#8221;, afirmou Guedes, durante entrevista coletiva \u00e0 imprensa na qual criticou, com veem\u00eancia, a decis\u00e3o do Senado de derrubar o veto do presidente Jair Bolsonaro ao projeto que permite reajuste a servidores p\u00fablicos. &#8220;Um desastre, um crime contra o pa\u00eds&#8221;, enfatizou.<\/p>\n<p>&nbsp;<\/p>\n<p>Marinho procurou, a todo tempo, mostrar empatia ao lado de Guedes, que o acusou de ser um &#8220;ministro fura-teto&#8221;. Marinho vem pressionando a pasta da Economia a ampliar as despesas para obras p\u00fablicas, vitais, segundo ele, para sustentar o aumento da popularidade do presidente da Rep\u00fablica e ajudar na recupera\u00e7\u00e3o mais r\u00e1pida da atividade econ\u00f4mica.<\/p>\n<p>&nbsp;<\/p>\n<p><strong>Juros mais baixos para moradia<\/strong><\/p>\n<p>&nbsp;<\/p>\n<p>Para demonstrar que, agora, v\u00e3o andar de m\u00e3os dadas, numa rela\u00e7\u00e3o de paz e amor, os dois ministros anunciaram a redu\u00e7\u00e3o dos juros para os financiamentos habitacionais da faixa 1 do Minha Casa Minha Vida, que passar\u00e1 a se chamar Casa Verde-Amarela.<\/p>\n<p>&nbsp;<\/p>\n<p>Segundo Guedes, a medida vem em boa hora, pois est\u00e1 havendo uma expressiva rea\u00e7\u00e3o da constru\u00e7\u00e3o civil, o que sustenta a economia. Marinho acrescentou que pelo menos 1 milh\u00e3o de fam\u00edlias de baixa renda ser\u00e3o beneficiadas pelo programa de moradias.<\/p>\n<p>&nbsp;<\/p>\n<p><em>Bras\u00edlia, 21h07min<\/em><\/p>\n","protected":false},"excerpt":{"rendered":"<p>Numa clara tentativa de apaziguar os \u00e2nimos e p\u00f4r fim, pelo menos publicamente, \u00e0 guerra que travam nos bastidores do governo, os ministros da Economia, Paulo Guedes, e do Desenvolvimento Regional, Rog\u00e9rio Marinho, posaram para fotos e disseram que est\u00e3o &#8220;debaixo do mesmo teto&#8221;. &nbsp; Foi uma refer\u00eancia ao teto de gastos, piv\u00f4 da batalha [&hellip;]<\/p>\n","protected":false},"author":22,"featured_media":10371,"comment_status":"open","ping_status":"closed","sticky":false,"template":"","format":"standard","meta":{"footnotes":""},"categories":[600],"tags":[],"class_list":["post-15340","post","type-post","status-publish","format-standard","has-post-thumbnail","hentry","category-economia"],"_links":{"self":[{"href":"https:\/\/blogs.correiobraziliense.com.br\/vicente\/wp-json\/wp\/v2\/posts\/15340","targetHints":{"allow":["GET"]}}],"collection":[{"href":"https:\/\/blogs.correiobraziliense.com.br\/vicente\/wp-json\/wp\/v2\/posts"}],"about":[{"href":"https:\/\/blogs.correiobraziliense.com.br\/vicente\/wp-json\/wp\/v2\/types\/post"}],"author":[{"embeddable":true,"href":"https:\/\/blogs.correiobraziliense.com.br\/vicente\/wp-json\/wp\/v2\/users\/22"}],"replies":[{"embeddable":true,"href":"https:\/\/blogs.correiobraziliense.com.br\/vicente\/wp-json\/wp\/v2\/comments?post=15340"}],"version-history":[{"count":2,"href":"https:\/\/blogs.correiobraziliense.com.br\/vicente\/wp-json\/wp\/v2\/posts\/15340\/revisions"}],"predecessor-version":[{"id":15350,"href":"https:\/\/blogs.correiobraziliense.com.br\/vicente\/wp-json\/wp\/v2\/posts\/15340\/revisions\/15350"}],"wp:featuredmedia":[{"embeddable":true,"href":"https:\/\/blogs.correiobraziliense.com.br\/vicente\/wp-json\/wp\/v2\/media\/10371"}],"wp:attachment":[{"href":"https:\/\/blogs.correiobraziliense.com.br\/vicente\/wp-json\/wp\/v2\/media?parent=15340"}],"wp:term":[{"taxonomy":"category","embeddable":true,"href":"https:\/\/blogs.correiobraziliense.com.br\/vicente\/wp-json\/wp\/v2\/categories?post=15340"},{"taxonomy":"post_tag","embeddable":true,"href":"https:\/\/blogs.correiobraziliense.com.br\/vicente\/wp-json\/wp\/v2\/tags?post=15340"}],"curies":[{"name":"wp","href":"https:\/\/api.w.org\/{rel}","templated":true}]}}