{"id":15336,"date":"2020-08-19T20:42:14","date_gmt":"2020-08-19T23:42:14","guid":{"rendered":"https:\/\/blogs.correiobraziliense.com.br\/vicente\/?p=15336"},"modified":"2020-08-19T22:15:48","modified_gmt":"2020-08-20T01:15:48","slug":"senado-cometeu-um-crime-contra-o-pais-ao-derrubar-veto-e-garantir-reajuste-de-servidores-diz-guedes","status":"publish","type":"post","link":"https:\/\/blogs.correiobraziliense.com.br\/vicente\/senado-cometeu-um-crime-contra-o-pais-ao-derrubar-veto-e-garantir-reajuste-de-servidores-diz-guedes\/","title":{"rendered":"&#8220;Senado cometeu um crime contra o pa\u00eds ao derrubar veto e garantir reajuste de servidores&#8221;, diz Guedes"},"content":{"rendered":"<p>O ministro da Economia, Paulo Guedes, ladeado pelo ex-desafeto, o ministro do Desenvolvimento Regional, Rog\u00e9rio Marinho, disse que o &#8220;Senado cometeu um crime contra o pa\u00eds ao derrubar o veto (do presidente Jair Bolsonaro) ao reajuste de servidores&#8221;.<\/p>\n<p>&nbsp;<\/p>\n<p>Segundo Guedes, o Senado empurrou uma fatura de R$ 120 bilh\u00f5es aos cofres p\u00fablicos, num momento em que o governo est\u00e1 priorizando gastos com a sa\u00fade para salvar vidas e a economia. &#8220;Um dessatre. Esperamos que a C\u00e2mara reverta isso&#8221;, afirmou, endossado por Marinho.<\/p>\n<p>&nbsp;<\/p>\n<p>O Senado derrubou, por 42 votos a 30, o veto de Bolsonaro \u00e0 possibilidade de reajuste dos servidores at\u00e9 o fim de 2021. A C\u00e2mara ainda deve analisar o veto nesta noite. O congelamento dos reajustes foi inclu\u00eddo no projeto de socorro a estados e munic\u00edpios por conta da crise causada pelo coronav\u00edrus.\u00a0A proposta prev\u00ea repasses de R$ 60 bilh\u00f5es aos governos locais e autoriza a suspens\u00e3o de d\u00edvidas com a Uni\u00e3o e com os bancos p\u00fablicos.<\/p>\n<p>&nbsp;<\/p>\n<p><strong>Ministro diz que Senado deu p\u00e9ssimo sinal<\/strong><\/p>\n<p>&nbsp;<\/p>\n<p>No entender de Guedes, a derrubada do veto pelo Senado, &#8220;a Casa da Rep\u00fablica&#8221;, \u00e9 um p\u00e9ssimo sinal aos investidores, justamente num momento em que a economia est\u00e1 recuperando as for\u00e7as e os juros e a infla\u00e7\u00e3o est\u00e3o em baixa. &#8220;Foi um p\u00e9ssimo sinal. Pegar dinheiro da sa\u00fade e permitir que se transforme em aumento de sal\u00e1rios de servidores \u00e9 um crime contra o pa\u00eds&#8221;, frisou<\/p>\n<p>&nbsp;<\/p>\n<p>O trecho vetado por Bolsonaro e derrubado pelo Senado blinda algumas categorias, como m\u00e9dicos e policiais, da proibi\u00e7\u00e3o de corre\u00e7\u00e3o de sal\u00e1rios de servidores da Uni\u00e3o, de estados e munic\u00edpios como contrapartida ao aux\u00edlio federal.<\/p>\n<p>&nbsp;<\/p>\n<p>Inicialmente, o texto elaborado pela equipe econ\u00f4mica, em conjunto com senadores, previa o congelamento de sal\u00e1rios de todos os servidores federais, estaduais e municipais por 18 meses.<\/p>\n<p>&nbsp;<\/p>\n<p><em>Bras\u00edlia, 20h42min<\/em><\/p>\n","protected":false},"excerpt":{"rendered":"<p>O ministro da Economia, Paulo Guedes, ladeado pelo ex-desafeto, o ministro do Desenvolvimento Regional, Rog\u00e9rio Marinho, disse que o &#8220;Senado cometeu um crime contra o pa\u00eds ao derrubar o veto (do presidente Jair Bolsonaro) ao reajuste de servidores&#8221;. &nbsp; Segundo Guedes, o Senado empurrou uma fatura de R$ 120 bilh\u00f5es aos cofres p\u00fablicos, num momento [&hellip;]<\/p>\n","protected":false},"author":22,"featured_media":15234,"comment_status":"open","ping_status":"closed","sticky":false,"template":"","format":"standard","meta":{"footnotes":""},"categories":[600],"tags":[179,3069,3616,3693,4850,264,586,123,750],"class_list":["post-15336","post","type-post","status-publish","format-standard","has-post-thumbnail","hentry","category-economia","tag-crise","tag-derrubada","tag-guedes","tag-marinho","tag-pais","tag-reajuste","tag-senado","tag-servidores","tag-veto"],"_links":{"self":[{"href":"https:\/\/blogs.correiobraziliense.com.br\/vicente\/wp-json\/wp\/v2\/posts\/15336","targetHints":{"allow":["GET"]}}],"collection":[{"href":"https:\/\/blogs.correiobraziliense.com.br\/vicente\/wp-json\/wp\/v2\/posts"}],"about":[{"href":"https:\/\/blogs.correiobraziliense.com.br\/vicente\/wp-json\/wp\/v2\/types\/post"}],"author":[{"embeddable":true,"href":"https:\/\/blogs.correiobraziliense.com.br\/vicente\/wp-json\/wp\/v2\/users\/22"}],"replies":[{"embeddable":true,"href":"https:\/\/blogs.correiobraziliense.com.br\/vicente\/wp-json\/wp\/v2\/comments?post=15336"}],"version-history":[{"count":4,"href":"https:\/\/blogs.correiobraziliense.com.br\/vicente\/wp-json\/wp\/v2\/posts\/15336\/revisions"}],"predecessor-version":[{"id":15342,"href":"https:\/\/blogs.correiobraziliense.com.br\/vicente\/wp-json\/wp\/v2\/posts\/15336\/revisions\/15342"}],"wp:featuredmedia":[{"embeddable":true,"href":"https:\/\/blogs.correiobraziliense.com.br\/vicente\/wp-json\/wp\/v2\/media\/15234"}],"wp:attachment":[{"href":"https:\/\/blogs.correiobraziliense.com.br\/vicente\/wp-json\/wp\/v2\/media?parent=15336"}],"wp:term":[{"taxonomy":"category","embeddable":true,"href":"https:\/\/blogs.correiobraziliense.com.br\/vicente\/wp-json\/wp\/v2\/categories?post=15336"},{"taxonomy":"post_tag","embeddable":true,"href":"https:\/\/blogs.correiobraziliense.com.br\/vicente\/wp-json\/wp\/v2\/tags?post=15336"}],"curies":[{"name":"wp","href":"https:\/\/api.w.org\/{rel}","templated":true}]}}