{"id":15322,"date":"2020-08-19T15:15:45","date_gmt":"2020-08-19T18:15:45","guid":{"rendered":"https:\/\/blogs.correiobraziliense.com.br\/vicente\/?p=15322"},"modified":"2020-08-19T16:25:01","modified_gmt":"2020-08-19T19:25:01","slug":"o-descompasso-entre-o-nervosismo-do-mercado-e-as-projecoes-para-a-economia","status":"publish","type":"post","link":"https:\/\/blogs.correiobraziliense.com.br\/vicente\/o-descompasso-entre-o-nervosismo-do-mercado-e-as-projecoes-para-a-economia\/","title":{"rendered":"O descompasso entre o nervosismo do mercado e as proje\u00e7\u00f5es para a economia"},"content":{"rendered":"<h2>\u00c9 curioso ver como a tens\u00e3o demonstrada pelos investidores diante da possibilidade de o governo se render \u00e0 gastan\u00e7a n\u00e3o conversa com as proje\u00e7\u00f5es para a economia \u2014 nem com os pre\u00e7os dos ativos. A m\u00e9dia dos analistas trabalha com crescimento de 3,5% do Produto Interno Bruto em 2021.<\/h2>\n<p>&nbsp;<\/p>\n<p>Se fosse o caso de explos\u00e3o da d\u00edvida, certamente o d\u00f3lar j\u00e1 estaria acima de R$ 6, a Bolsa de Valores muito abaixo dos 100 mil pontos e os juros futuros, nas alturas \u2014 as taxas subiram recentemente, mas porque est\u00e3o muito baixas e os operadores resolveram cobrar um pr\u00eamio maior pelos riscos.<\/p>\n<p>&nbsp;<\/p>\n<p>Verdade seja dita: para tudo piorar rapidamente \u2014 n\u00e3o apenas nas palavras de investidores e analistas \u2014, basta o governo sair da linha e rasgar de vez o compromisso com o equil\u00edbrio fiscal. O mercado acostumou-se com as contas p\u00fablicas no vermelho desde 2014. Mas, da\u00ed a aceitar estripulias, a diferen\u00e7a \u00e9 grande.<\/p>\n<p>&nbsp;<\/p>\n<p><em>Bras\u00edlia, 15h15min<\/em><\/p>\n","protected":false},"excerpt":{"rendered":"<p>\u00c9 curioso ver como a tens\u00e3o demonstrada pelos investidores diante da possibilidade de o governo se render \u00e0 gastan\u00e7a n\u00e3o conversa com as proje\u00e7\u00f5es para a economia \u2014 nem com os pre\u00e7os dos ativos. A m\u00e9dia dos analistas trabalha com crescimento de 3,5% do Produto Interno Bruto em 2021. &nbsp; Se fosse o caso de [&hellip;]<\/p>\n","protected":false},"author":22,"featured_media":13319,"comment_status":"open","ping_status":"closed","sticky":false,"template":"","format":"standard","meta":{"footnotes":""},"categories":[600],"tags":[2097,4847,589,199,1494,390,4848],"class_list":["post-15322","post","type-post","status-publish","format-standard","has-post-thumbnail","hentry","category-economia","tag-ativos","tag-descompasso","tag-economia","tag-investidores","tag-nervosismo","tag-precos","tag-projecoes"],"_links":{"self":[{"href":"https:\/\/blogs.correiobraziliense.com.br\/vicente\/wp-json\/wp\/v2\/posts\/15322","targetHints":{"allow":["GET"]}}],"collection":[{"href":"https:\/\/blogs.correiobraziliense.com.br\/vicente\/wp-json\/wp\/v2\/posts"}],"about":[{"href":"https:\/\/blogs.correiobraziliense.com.br\/vicente\/wp-json\/wp\/v2\/types\/post"}],"author":[{"embeddable":true,"href":"https:\/\/blogs.correiobraziliense.com.br\/vicente\/wp-json\/wp\/v2\/users\/22"}],"replies":[{"embeddable":true,"href":"https:\/\/blogs.correiobraziliense.com.br\/vicente\/wp-json\/wp\/v2\/comments?post=15322"}],"version-history":[{"count":1,"href":"https:\/\/blogs.correiobraziliense.com.br\/vicente\/wp-json\/wp\/v2\/posts\/15322\/revisions"}],"predecessor-version":[{"id":15323,"href":"https:\/\/blogs.correiobraziliense.com.br\/vicente\/wp-json\/wp\/v2\/posts\/15322\/revisions\/15323"}],"wp:featuredmedia":[{"embeddable":true,"href":"https:\/\/blogs.correiobraziliense.com.br\/vicente\/wp-json\/wp\/v2\/media\/13319"}],"wp:attachment":[{"href":"https:\/\/blogs.correiobraziliense.com.br\/vicente\/wp-json\/wp\/v2\/media?parent=15322"}],"wp:term":[{"taxonomy":"category","embeddable":true,"href":"https:\/\/blogs.correiobraziliense.com.br\/vicente\/wp-json\/wp\/v2\/categories?post=15322"},{"taxonomy":"post_tag","embeddable":true,"href":"https:\/\/blogs.correiobraziliense.com.br\/vicente\/wp-json\/wp\/v2\/tags?post=15322"}],"curies":[{"name":"wp","href":"https:\/\/api.w.org\/{rel}","templated":true}]}}