{"id":15306,"date":"2020-08-19T10:51:38","date_gmt":"2020-08-19T13:51:38","guid":{"rendered":"https:\/\/blogs.correiobraziliense.com.br\/vicente\/?p=15306"},"modified":"2020-08-19T12:02:30","modified_gmt":"2020-08-19T15:02:30","slug":"a-chance-que-bolsonaro-e-guedes-perderam-de-ficar-calados","status":"publish","type":"post","link":"https:\/\/blogs.correiobraziliense.com.br\/vicente\/a-chance-que-bolsonaro-e-guedes-perderam-de-ficar-calados\/","title":{"rendered":"A chance que Bolsonaro e Guedes perderam de ficar calados"},"content":{"rendered":"<h2>O ministro da Economia, Paulo Guedes, e o presidente Jair Bolsonaro perderam uma grande oportunidade de ficarem calados. Ao tornarem p\u00fablicas suas diverg\u00eancias em torno da condu\u00e7\u00e3o das contas p\u00fablicas, em especial, do teto de gastos, deram uma dimens\u00e3o exagerada ao tema e abriram espa\u00e7o para que os aventureiros mostrassem a cara e os especuladores fizessem a festa.<\/h2>\n<p>&nbsp;<\/p>\n<p>At\u00e9 o embate, que explicitou a fragilidade de Guedes dentro do governo, a preocupa\u00e7\u00e3o dos agentes econ\u00f4micos com a gastan\u00e7a federal estava sob total controle.<\/p>\n<p>&nbsp;<\/p>\n<p>Entre os economistas mais otimistas e os menos confiantes ante os rumos do pa\u00eds, h\u00e1 poucas diverg\u00eancias na quest\u00e3o econ\u00f4mica. A percep\u00e7\u00e3o \u00e9 de que o ritmo de recupera\u00e7\u00e3o do Produto Interno Bruto (PIB) est\u00e1 mais forte do que o esperado, a infla\u00e7\u00e3o est\u00e1 sob controle, os juros reais est\u00e3o negativos e, de quebra, o mundo vem ajudando o pa\u00eds.<\/p>\n<p>&nbsp;<\/p>\n<p>Portanto, a grande d\u00favida que paira sobre a cabe\u00e7a de todos \u00e9 pol\u00edtica. E essa quest\u00e3o foi superdimensionada quando Bolsonaro sinalizou que j\u00e1 n\u00e3o estava mais fechado com seu Posto Ipiranga e come\u00e7ava a se pautar pelo grupo liderado pelo ministro do Desenvolvimento Regional, Rog\u00e9rio Marinho, defensor da abertura dos cofres para investimentos em obras mirando as elei\u00e7\u00f5es de 2022.<\/p>\n<p>&nbsp;<\/p>\n<p><strong>Presidente e Bolsonaro mexeram com a confian\u00e7a dos agentes econ\u00f4micos<\/strong><\/p>\n<p>&nbsp;<\/p>\n<p>O que todos querem saber, agora, \u00e9 se vai prevalecer a gest\u00e3o respons\u00e1vel das contas p\u00fablicas. Guedes \u00e9 visto como s\u00edmbolo dessa responsabilidade fiscal, mas n\u00e3o, necessariamente, significa que ele \u00e9 intoc\u00e1vel. Seja quem estiver no comando do Minist\u00e9rio da Economia, \u00e9 importante o compromisso com o teto de gastos, pois h\u00e1 muita coisa em jogo: as despesas previstas no Or\u00e7amento de 2021, a prorroga\u00e7\u00e3o ou n\u00e3o do estado de calamidade por mais um ano, a manuten\u00e7\u00e3o do aux\u00edlio emergencial e em que valor. Se o governo der respostas claras e consistentes a esses pontos, o estresse diminuir\u00e1 \u2014 e muito.<\/p>\n<p>&nbsp;<\/p>\n<p>Para grande parte dos economistas, muito provavelmente, o teto de gastos estourar\u00e1 no ano que vem entre R$ 15 bilh\u00f5es e R$ 20 bilh\u00f5es, valores perfeitamente administr\u00e1veis dentro do Or\u00e7amento da Uni\u00e3o e porque gatilhos previstos em lei poder\u00e3o ser acionados. Ou seja, ser\u00e1 poss\u00edvel evitar o rompimento efetivo das despesas.<\/p>\n<p>&nbsp;<\/p>\n<p>O problema, de verdade, ser\u00e1 em 2022, ano eleitoral. \u00c9 a\u00ed que a pol\u00edtica entra de novo, pois Bolsonaro s\u00f3 pensa na reelei\u00e7\u00e3o. Ao explicitarem suas diverg\u00eancias, o presidente e o Guedes mexeram com o que h\u00e1 de pior entre os agentes econ\u00f4micos: a desconfian\u00e7a. Agora, precisam dar uma resposta r\u00e1pida de que n\u00e3o est\u00e3o dispostos a aventuras.<\/p>\n<p>&nbsp;<\/p>\n<p><em>Bras\u00edlia, 10h51min<\/em><\/p>\n","protected":false},"excerpt":{"rendered":"<p>O ministro da Economia, Paulo Guedes, e o presidente Jair Bolsonaro perderam uma grande oportunidade de ficarem calados. Ao tornarem p\u00fablicas suas diverg\u00eancias em torno da condu\u00e7\u00e3o das contas p\u00fablicas, em especial, do teto de gastos, deram uma dimens\u00e3o exagerada ao tema e abriram espa\u00e7o para que os aventureiros mostrassem a cara e os especuladores [&hellip;]<\/p>\n","protected":false},"author":22,"featured_media":15307,"comment_status":"open","ping_status":"closed","sticky":false,"template":"","format":"standard","meta":{"footnotes":""},"categories":[600],"tags":[2554,4843,224,3616,307],"class_list":["post-15306","post","type-post","status-publish","format-standard","has-post-thumbnail","hentry","category-economia","tag-bolsonaro","tag-calados","tag-divergencias","tag-guedes","tag-teto-de-gastos"],"_links":{"self":[{"href":"https:\/\/blogs.correiobraziliense.com.br\/vicente\/wp-json\/wp\/v2\/posts\/15306","targetHints":{"allow":["GET"]}}],"collection":[{"href":"https:\/\/blogs.correiobraziliense.com.br\/vicente\/wp-json\/wp\/v2\/posts"}],"about":[{"href":"https:\/\/blogs.correiobraziliense.com.br\/vicente\/wp-json\/wp\/v2\/types\/post"}],"author":[{"embeddable":true,"href":"https:\/\/blogs.correiobraziliense.com.br\/vicente\/wp-json\/wp\/v2\/users\/22"}],"replies":[{"embeddable":true,"href":"https:\/\/blogs.correiobraziliense.com.br\/vicente\/wp-json\/wp\/v2\/comments?post=15306"}],"version-history":[{"count":1,"href":"https:\/\/blogs.correiobraziliense.com.br\/vicente\/wp-json\/wp\/v2\/posts\/15306\/revisions"}],"predecessor-version":[{"id":15308,"href":"https:\/\/blogs.correiobraziliense.com.br\/vicente\/wp-json\/wp\/v2\/posts\/15306\/revisions\/15308"}],"wp:featuredmedia":[{"embeddable":true,"href":"https:\/\/blogs.correiobraziliense.com.br\/vicente\/wp-json\/wp\/v2\/media\/15307"}],"wp:attachment":[{"href":"https:\/\/blogs.correiobraziliense.com.br\/vicente\/wp-json\/wp\/v2\/media?parent=15306"}],"wp:term":[{"taxonomy":"category","embeddable":true,"href":"https:\/\/blogs.correiobraziliense.com.br\/vicente\/wp-json\/wp\/v2\/categories?post=15306"},{"taxonomy":"post_tag","embeddable":true,"href":"https:\/\/blogs.correiobraziliense.com.br\/vicente\/wp-json\/wp\/v2\/tags?post=15306"}],"curies":[{"name":"wp","href":"https:\/\/api.w.org\/{rel}","templated":true}]}}