{"id":15303,"date":"2020-08-18T21:19:48","date_gmt":"2020-08-19T00:19:48","guid":{"rendered":"https:\/\/blogs.correiobraziliense.com.br\/vicente\/?p=15303"},"modified":"2020-08-18T21:21:17","modified_gmt":"2020-08-19T00:21:17","slug":"em-reuniao-com-analistas-bc-descarta-corte-de-juros-em-setembro","status":"publish","type":"post","link":"https:\/\/blogs.correiobraziliense.com.br\/vicente\/em-reuniao-com-analistas-bc-descarta-corte-de-juros-em-setembro\/","title":{"rendered":"Em reuni\u00e3o com analistas, BC descarta corte de juros em setembro"},"content":{"rendered":"<h2>\u00danico diretor do Banco Central a falar, nesta ter\u00e7a-feira (18\/08), durante a reuni\u00e3o trimestral com economistas, Fabio Kanczuk indicou que, dificilmente, o Comit\u00ea de Pol\u00edtica Monet\u00e1ria (Copom) cortar\u00e1 a taxa b\u00e1sica de juros (Selic) em setembro. E olha que ele era o maior defensor dentro da institui\u00e7\u00e3o para que a Selic, que est\u00e1 em 2% ao ano, fosse levada a 1%.<\/h2>\n<p>&nbsp;<\/p>\n<p>Kanczuk foi enf\u00e1tico em rela\u00e7\u00e3o aos riscos fiscais que se colocaram no caminho do BC, ainda que acredite no compromisso do governo de n\u00e3o deixar as contas p\u00fablicas desandarem. Daqui por diante, a ordem dentro da autoridade monet\u00e1ria \u00e9 mapear todas as despesas do governo e evitar que o Brasil repita a quebrada Argentina.<\/p>\n<p>&nbsp;<\/p>\n<p>N\u00e3o h\u00e1 porque o BC ficar testando juros de 1,75% ou de 1,5% ao ano quando h\u00e1 preocupa\u00e7\u00e3o com a sustentabilidade da d\u00edvida p\u00fablica, com a infla\u00e7\u00e3o dos produtos comercializ\u00e1veis (tradables) subindo \u2014 s\u00e3o os servi\u00e7os que est\u00e3o mantendo o \u00cdndice de Pre\u00e7os ao Consumidor Amplo (IPCA) no ch\u00e3o \u2014 e com a desconfian\u00e7a em alta.<\/p>\n","protected":false},"excerpt":{"rendered":"<p>\u00danico diretor do Banco Central a falar, nesta ter\u00e7a-feira (18\/08), durante a reuni\u00e3o trimestral com economistas, Fabio Kanczuk indicou que, dificilmente, o Comit\u00ea de Pol\u00edtica Monet\u00e1ria (Copom) cortar\u00e1 a taxa b\u00e1sica de juros (Selic) em setembro. E olha que ele era o maior defensor dentro da institui\u00e7\u00e3o para que a Selic, que est\u00e1 em 2% [&hellip;]<\/p>\n","protected":false},"author":22,"featured_media":15304,"comment_status":"open","ping_status":"closed","sticky":false,"template":"","format":"standard","meta":{"footnotes":""},"categories":[600],"tags":[748,3,1158,4842,4,34],"class_list":["post-15303","post","type-post","status-publish","format-standard","has-post-thumbnail","hentry","category-economia","tag-analistas","tag-banco-central","tag-corte","tag-gastos-publicos","tag-juros","tag-selic"],"_links":{"self":[{"href":"https:\/\/blogs.correiobraziliense.com.br\/vicente\/wp-json\/wp\/v2\/posts\/15303","targetHints":{"allow":["GET"]}}],"collection":[{"href":"https:\/\/blogs.correiobraziliense.com.br\/vicente\/wp-json\/wp\/v2\/posts"}],"about":[{"href":"https:\/\/blogs.correiobraziliense.com.br\/vicente\/wp-json\/wp\/v2\/types\/post"}],"author":[{"embeddable":true,"href":"https:\/\/blogs.correiobraziliense.com.br\/vicente\/wp-json\/wp\/v2\/users\/22"}],"replies":[{"embeddable":true,"href":"https:\/\/blogs.correiobraziliense.com.br\/vicente\/wp-json\/wp\/v2\/comments?post=15303"}],"version-history":[{"count":1,"href":"https:\/\/blogs.correiobraziliense.com.br\/vicente\/wp-json\/wp\/v2\/posts\/15303\/revisions"}],"predecessor-version":[{"id":15305,"href":"https:\/\/blogs.correiobraziliense.com.br\/vicente\/wp-json\/wp\/v2\/posts\/15303\/revisions\/15305"}],"wp:featuredmedia":[{"embeddable":true,"href":"https:\/\/blogs.correiobraziliense.com.br\/vicente\/wp-json\/wp\/v2\/media\/15304"}],"wp:attachment":[{"href":"https:\/\/blogs.correiobraziliense.com.br\/vicente\/wp-json\/wp\/v2\/media?parent=15303"}],"wp:term":[{"taxonomy":"category","embeddable":true,"href":"https:\/\/blogs.correiobraziliense.com.br\/vicente\/wp-json\/wp\/v2\/categories?post=15303"},{"taxonomy":"post_tag","embeddable":true,"href":"https:\/\/blogs.correiobraziliense.com.br\/vicente\/wp-json\/wp\/v2\/tags?post=15303"}],"curies":[{"name":"wp","href":"https:\/\/api.w.org\/{rel}","templated":true}]}}