{"id":15298,"date":"2020-08-18T17:30:30","date_gmt":"2020-08-18T20:30:30","guid":{"rendered":"https:\/\/blogs.correiobraziliense.com.br\/vicente\/?p=15298"},"modified":"2020-08-18T17:30:30","modified_gmt":"2020-08-18T20:30:30","slug":"mb-associados-revisa-queda-do-pib-de-2020-de-64-para-53","status":"publish","type":"post","link":"https:\/\/blogs.correiobraziliense.com.br\/vicente\/mb-associados-revisa-queda-do-pib-de-2020-de-64-para-53\/","title":{"rendered":"MB Associados revisa queda do PIB de 2020 de 6,4% para 5,3%"},"content":{"rendered":"<p><span style=\"font-weight: 400\">ROSANA HESSEL\u00a0<\/span><\/p>\n<p>&nbsp;<\/p>\n<p><span style=\"font-weight: 400\">A MB Associados acaba de revisar a previs\u00e3o para a queda do Produto Interno Bruto (PIB) de 2020, passando de 6,4% para 5,3%, devido \u00e0 melhora nos principais indicadores do segundo trimestre.<\/span><\/p>\n<p>&nbsp;<\/p>\n<p><span style=\"font-weight: 400\">Nessa nova previs\u00e3o, a consultoria estima retra\u00e7\u00e3o de 6,5% na ind\u00fastria e de 2% no com\u00e9rcio em um cen\u00e1rio de infla\u00e7\u00e3o de 2% e taxa b\u00e1sica de juros de 2% ao ano.\u00a0 A nova proje\u00e7\u00e3o est\u00e1 mais pessimista que a do governo, que prev\u00ea queda do PIB de 4,7%.\u00a0\u00a0<\/span><\/p>\n<p>&nbsp;<\/p>\n<p><span style=\"font-weight: 400\">De acordo com o economista-chefe da MB, Sergio Vale, com os indicadores do segundo trimestre vindo melhores do que o esperado, a previs\u00e3o para a retra\u00e7\u00e3o do PIB entre abril e junho passou de 13,7% para 11,9%. A melhora nas proje\u00e7\u00f5es, segundo ele, levam em conta o impacto positivo das medidas do governo no combate aos efeitos da covid-19. \u201cPor mais que os programas tenham atrasado, como o aux\u00edlio emergencial, foi poss\u00edvel evitar resultados piores no consumo, especialmente, na parte final do trimestre\u201d, afirmou.\u00a0<\/span><\/p>\n<p>&nbsp;<\/p>\n<p><span style=\"font-weight: 400\">Al\u00e9m do benef\u00edcio emergencial, entraram na conta para a melhora das proje\u00e7\u00f5es o bom desempenho do setor agr\u00edcola, especialmente, no Centro Oeste, e o fato de a quarentena no Brasil foi mais frouxa do que nos pa\u00edses europeus. \u201cA agricultura tem sido importante fator para essa melhora das proje\u00e7\u00f5es\u201d, acrescentou Vale, em entrevista ao <\/span><b>Blog<\/b><span style=\"font-weight: 400\">.<\/span><\/p>\n<p>&nbsp;<\/p>\n<p><span style=\"font-weight: 400\">Para 2021, o economista da MB manteve as previs\u00f5es de avan\u00e7o de 2,2% no PIB brasileiro, bem abaixo do cen\u00e1rio otimista do governo que espera crescimento de 3,2%.<\/span><\/p>\n<p>&nbsp;<\/p>\n<p><span style=\"font-weight: 400\">Sergio Vale ainda destacou que os riscos fiscais devem entrar no radar da retomada e citou o livro rec\u00e9m-lan\u00e7ado de Felipe Salto e Josu\u00e9 Pellegrini, \u201cContas p\u00fablicas no Brasil\u201d. \u201cA crise fiscal que est\u00e1 sendo montada n\u00e3o \u00e9 pequena e parte, basicamente, de duas frentes: nosso falho federalismo fiscal e a press\u00e3o do funcionalismo p\u00fablico\u201d, escreveu Vale em seu coment\u00e1rio ao mercado.<\/span><\/p>\n<p>&nbsp;<\/p>\n<p>O economista lembrou que, al\u00e9m da quest\u00e3o fiscal, o desemprego tamb\u00e9m preocupa bastante no pr\u00f3ximo ano, porque ele deve chegar perto de 17% at\u00e9 2021. Ele acredita ainda que uma segunda onda de cont\u00e1gio pode ter um impacto menor . &#8220;Preocupa\u00e7\u00e3o maior \u00e9 emprego e fiscal. Com a vacina saindo em algum momento no come\u00e7o do ano que vem, isso melhora. N\u00e3o me parece que uma segunda onda seria t\u00e3o devastadora pelo conhecimento que j\u00e1 temos&#8221;, destacou.<\/p>\n<p>&nbsp;<\/p>\n","protected":false},"excerpt":{"rendered":"<p>ROSANA HESSEL\u00a0 &nbsp; A MB Associados acaba de revisar a previs\u00e3o para a queda do Produto Interno Bruto (PIB) de 2020, passando de 6,4% para 5,3%, devido \u00e0 melhora nos principais indicadores do segundo trimestre. &nbsp; Nessa nova previs\u00e3o, a consultoria estima retra\u00e7\u00e3o de 6,5% na ind\u00fastria e de 2% no com\u00e9rcio em um cen\u00e1rio [&hellip;]<\/p>\n","protected":false},"author":22,"featured_media":0,"comment_status":"open","ping_status":"closed","sticky":false,"template":"","format":"standard","meta":{"footnotes":""},"categories":[600],"tags":[179,4841,58,31],"class_list":["post-15298","post","type-post","status-publish","format-standard","hentry","category-economia","tag-crise","tag-mb-associados","tag-pib","tag-recessao"],"_links":{"self":[{"href":"https:\/\/blogs.correiobraziliense.com.br\/vicente\/wp-json\/wp\/v2\/posts\/15298","targetHints":{"allow":["GET"]}}],"collection":[{"href":"https:\/\/blogs.correiobraziliense.com.br\/vicente\/wp-json\/wp\/v2\/posts"}],"about":[{"href":"https:\/\/blogs.correiobraziliense.com.br\/vicente\/wp-json\/wp\/v2\/types\/post"}],"author":[{"embeddable":true,"href":"https:\/\/blogs.correiobraziliense.com.br\/vicente\/wp-json\/wp\/v2\/users\/22"}],"replies":[{"embeddable":true,"href":"https:\/\/blogs.correiobraziliense.com.br\/vicente\/wp-json\/wp\/v2\/comments?post=15298"}],"version-history":[{"count":3,"href":"https:\/\/blogs.correiobraziliense.com.br\/vicente\/wp-json\/wp\/v2\/posts\/15298\/revisions"}],"predecessor-version":[{"id":15302,"href":"https:\/\/blogs.correiobraziliense.com.br\/vicente\/wp-json\/wp\/v2\/posts\/15298\/revisions\/15302"}],"wp:attachment":[{"href":"https:\/\/blogs.correiobraziliense.com.br\/vicente\/wp-json\/wp\/v2\/media?parent=15298"}],"wp:term":[{"taxonomy":"category","embeddable":true,"href":"https:\/\/blogs.correiobraziliense.com.br\/vicente\/wp-json\/wp\/v2\/categories?post=15298"},{"taxonomy":"post_tag","embeddable":true,"href":"https:\/\/blogs.correiobraziliense.com.br\/vicente\/wp-json\/wp\/v2\/tags?post=15298"}],"curies":[{"name":"wp","href":"https:\/\/api.w.org\/{rel}","templated":true}]}}