{"id":15296,"date":"2020-08-18T16:01:47","date_gmt":"2020-08-18T19:01:47","guid":{"rendered":"https:\/\/blogs.correiobraziliense.com.br\/vicente\/?p=15296"},"modified":"2020-08-18T16:36:14","modified_gmt":"2020-08-18T19:36:14","slug":"a-gula-do-palacio-do-planalto-por-cargos-no-banco-do-brasil","status":"publish","type":"post","link":"https:\/\/blogs.correiobraziliense.com.br\/vicente\/a-gula-do-palacio-do-planalto-por-cargos-no-banco-do-brasil\/","title":{"rendered":"A gula do Pal\u00e1cio do Planalto por cargos no Banco do Brasil"},"content":{"rendered":"<h2>A sa\u00edda de Rubem Novaes da presid\u00eancia do Banco do Brasil reacendeu, entre integrantes do Pal\u00e1cio do Planalto, o apetite para abocanhar algumas fun\u00e7\u00f5es estrat\u00e9gicas na institui\u00e7\u00e3o, em especial, nas \u00e1reas de comunica\u00e7\u00e3o e marketing.<\/h2>\n<p>&nbsp;<\/p>\n<p>Para isso, tiraram da gaveta o discurso de que, passados quase dois anos de governo Bolsonaro, ainda n\u00e3o houve a despetiza\u00e7\u00e3o total do maior banco p\u00fablico do pa\u00eds.<\/p>\n<p>&nbsp;<\/p>\n<p>Citam, como exemplo, Paulo Rog\u00e9rio Caffarelli, que presidiu o BB e, hoje, est\u00e1 no comando da Cielo, empresa de maquininhas de cart\u00f5es na qual a institui\u00e7\u00e3o tem participa\u00e7\u00e3o acion\u00e1ria, mas \u00e9 controlada pelo Bradesco.<\/p>\n<p>&nbsp;<\/p>\n<p>Na cabe\u00e7a desse povo, Cafarelli, que foi secret\u00e1rio executivo de Guido Mantega no Minist\u00e9rio da Fazenda, \u00e9 petista e deixou uma s\u00e9rie de seguidores no Banco do Brasil.<\/p>\n<p>&nbsp;<\/p>\n<p>Em nota enviada ao <strong>Blog<\/strong>, diz que \u00e9 um t\u00e9cnico e sempre exerceu, de forma profissional, todos os cargos pelos quais passou, seja no governo, seja na iniciativa privada.<\/p>\n<p>&nbsp;<\/p>\n<p>Veja a nota de Caffarelli:<\/p>\n<p>&nbsp;<\/p>\n<p>\u201cGostaria de registrar que sou t\u00e9cnico concursado e exerci v\u00e1rios cargos no Banco do Brasil por mais de 37 anos de carreira. Ocupei a secretaria executiva do Minist\u00e9rio da Fazenda entre 2014 e in\u00edcio de 2015, presidi o Banco do Brasil na gest\u00e3o do presidente Michel Temer por um ano e meio, como ocupei cargos importantes no BB na gest\u00e3o Fernando Henrique Cardoso. Portanto, \u00e9 totalmente descabido e leviano tentar vincular o meu nome a qualquer partido pol\u00edtico. Sempre exerci minhas fun\u00e7\u00f5es de forma profissional, seja no governo ou na iniciativa privada. Registro ainda que n\u00e3o tenho qualquer inger\u00eancia na atual gest\u00e3o do Banco do Brasil.&#8221;<\/p>\n<p>&nbsp;<\/p>\n<p><em>Bras\u00edlia, 16h01min<\/em><\/p>\n","protected":false},"excerpt":{"rendered":"<p>A sa\u00edda de Rubem Novaes da presid\u00eancia do Banco do Brasil reacendeu, entre integrantes do Pal\u00e1cio do Planalto, o apetite para abocanhar algumas fun\u00e7\u00f5es estrat\u00e9gicas na institui\u00e7\u00e3o, em especial, nas \u00e1reas de comunica\u00e7\u00e3o e marketing. &nbsp; Para isso, tiraram da gaveta o discurso de que, passados quase dois anos de governo Bolsonaro, ainda n\u00e3o houve [&hellip;]<\/p>\n","protected":false},"author":22,"featured_media":11451,"comment_status":"open","ping_status":"closed","sticky":false,"template":"","format":"standard","meta":{"footnotes":""},"categories":[600],"tags":[229,4839,2420,1423,4840,176],"class_list":["post-15296","post","type-post","status-publish","format-standard","has-post-thumbnail","hentry","category-economia","tag-banco-do-brasil","tag-caffarelli","tag-cargos","tag-comunicacao","tag-marketing","tag-palacio-do-planalto"],"_links":{"self":[{"href":"https:\/\/blogs.correiobraziliense.com.br\/vicente\/wp-json\/wp\/v2\/posts\/15296","targetHints":{"allow":["GET"]}}],"collection":[{"href":"https:\/\/blogs.correiobraziliense.com.br\/vicente\/wp-json\/wp\/v2\/posts"}],"about":[{"href":"https:\/\/blogs.correiobraziliense.com.br\/vicente\/wp-json\/wp\/v2\/types\/post"}],"author":[{"embeddable":true,"href":"https:\/\/blogs.correiobraziliense.com.br\/vicente\/wp-json\/wp\/v2\/users\/22"}],"replies":[{"embeddable":true,"href":"https:\/\/blogs.correiobraziliense.com.br\/vicente\/wp-json\/wp\/v2\/comments?post=15296"}],"version-history":[{"count":1,"href":"https:\/\/blogs.correiobraziliense.com.br\/vicente\/wp-json\/wp\/v2\/posts\/15296\/revisions"}],"predecessor-version":[{"id":15300,"href":"https:\/\/blogs.correiobraziliense.com.br\/vicente\/wp-json\/wp\/v2\/posts\/15296\/revisions\/15300"}],"wp:featuredmedia":[{"embeddable":true,"href":"https:\/\/blogs.correiobraziliense.com.br\/vicente\/wp-json\/wp\/v2\/media\/11451"}],"wp:attachment":[{"href":"https:\/\/blogs.correiobraziliense.com.br\/vicente\/wp-json\/wp\/v2\/media?parent=15296"}],"wp:term":[{"taxonomy":"category","embeddable":true,"href":"https:\/\/blogs.correiobraziliense.com.br\/vicente\/wp-json\/wp\/v2\/categories?post=15296"},{"taxonomy":"post_tag","embeddable":true,"href":"https:\/\/blogs.correiobraziliense.com.br\/vicente\/wp-json\/wp\/v2\/tags?post=15296"}],"curies":[{"name":"wp","href":"https:\/\/api.w.org\/{rel}","templated":true}]}}