{"id":15294,"date":"2020-08-18T14:17:04","date_gmt":"2020-08-18T17:17:04","guid":{"rendered":"https:\/\/blogs.correiobraziliense.com.br\/vicente\/?p=15294"},"modified":"2020-08-18T14:23:20","modified_gmt":"2020-08-18T17:23:20","slug":"o-medo-de-que-campos-neto-se-torne-um-pato-manco","status":"publish","type":"post","link":"https:\/\/blogs.correiobraziliense.com.br\/vicente\/o-medo-de-que-campos-neto-se-torne-um-pato-manco\/","title":{"rendered":"O medo de que Campos Neto se torne um pato manco"},"content":{"rendered":"<h2>O nome do presidente do Banco Central, Roberto Campos Neto, como op\u00e7\u00e3o para suceder Paulo Guedes no Minist\u00e9rio da Economia, agrada os agentes econ\u00f4micos. Por\u00e9m, h\u00e1 um questionamento grande se, ao tomar posse como chefe da equipe econ\u00f4mica, ele realmente ter\u00e1 for\u00e7a para tocar a pol\u00edtica econ\u00f4mica. Teme-se que ele se transforme em um pato manco, ou seja, tenha o t\u00edtulo de ministro, mas as decis\u00f5es fiquem concentradas no entorno do presidente da Rep\u00fablica.<\/h2>\n<p>&nbsp;<\/p>\n<p>Para isso, dizem os donos do dinheiro, \u00e9 melhor que se mantenha tudo como est\u00e1. Quer dizer: Paulo Guedes fingindo que tem poder para levar adiante a sua agenda liberal, mas sem v\u00e1cuo no Banco Central. No entender dos investidores, seria um verdadeiro desastre ter um Roberto Campos Neto \u2014 que desenvolve um belo trabalho \u00e0 frente do BC \u2014 fazendo figura\u00e7\u00e3o na Economia e a autoridade monet\u00e1ria nas m\u00e3os de algu\u00e9m sem pulso firme para controlar a infla\u00e7\u00e3o.<\/p>\n<p>&nbsp;<\/p>\n<p><em>Bras\u00edlia, 14h17min<\/em><\/p>\n","protected":false},"excerpt":{"rendered":"<p>O nome do presidente do Banco Central, Roberto Campos Neto, como op\u00e7\u00e3o para suceder Paulo Guedes no Minist\u00e9rio da Economia, agrada os agentes econ\u00f4micos. Por\u00e9m, h\u00e1 um questionamento grande se, ao tomar posse como chefe da equipe econ\u00f4mica, ele realmente ter\u00e1 for\u00e7a para tocar a pol\u00edtica econ\u00f4mica. Teme-se que ele se transforme em um pato [&hellip;]<\/p>\n","protected":false},"author":22,"featured_media":12303,"comment_status":"open","ping_status":"closed","sticky":false,"template":"","format":"standard","meta":{"footnotes":""},"categories":[600],"tags":[3666,4838,3613,3714,3094],"class_list":["post-15294","post","type-post","status-publish","format-standard","has-post-thumbnail","hentry","category-economia","tag-ministerio-da-economia","tag-pato-manco","tag-paulo-guedes","tag-roberto-campos-neto","tag-sucessao"],"_links":{"self":[{"href":"https:\/\/blogs.correiobraziliense.com.br\/vicente\/wp-json\/wp\/v2\/posts\/15294","targetHints":{"allow":["GET"]}}],"collection":[{"href":"https:\/\/blogs.correiobraziliense.com.br\/vicente\/wp-json\/wp\/v2\/posts"}],"about":[{"href":"https:\/\/blogs.correiobraziliense.com.br\/vicente\/wp-json\/wp\/v2\/types\/post"}],"author":[{"embeddable":true,"href":"https:\/\/blogs.correiobraziliense.com.br\/vicente\/wp-json\/wp\/v2\/users\/22"}],"replies":[{"embeddable":true,"href":"https:\/\/blogs.correiobraziliense.com.br\/vicente\/wp-json\/wp\/v2\/comments?post=15294"}],"version-history":[{"count":1,"href":"https:\/\/blogs.correiobraziliense.com.br\/vicente\/wp-json\/wp\/v2\/posts\/15294\/revisions"}],"predecessor-version":[{"id":15295,"href":"https:\/\/blogs.correiobraziliense.com.br\/vicente\/wp-json\/wp\/v2\/posts\/15294\/revisions\/15295"}],"wp:featuredmedia":[{"embeddable":true,"href":"https:\/\/blogs.correiobraziliense.com.br\/vicente\/wp-json\/wp\/v2\/media\/12303"}],"wp:attachment":[{"href":"https:\/\/blogs.correiobraziliense.com.br\/vicente\/wp-json\/wp\/v2\/media?parent=15294"}],"wp:term":[{"taxonomy":"category","embeddable":true,"href":"https:\/\/blogs.correiobraziliense.com.br\/vicente\/wp-json\/wp\/v2\/categories?post=15294"},{"taxonomy":"post_tag","embeddable":true,"href":"https:\/\/blogs.correiobraziliense.com.br\/vicente\/wp-json\/wp\/v2\/tags?post=15294"}],"curies":[{"name":"wp","href":"https:\/\/api.w.org\/{rel}","templated":true}]}}