{"id":15290,"date":"2020-08-18T10:25:41","date_gmt":"2020-08-18T13:25:41","guid":{"rendered":"https:\/\/blogs.correiobraziliense.com.br\/vicente\/?p=15290"},"modified":"2020-08-18T12:33:51","modified_gmt":"2020-08-18T15:33:51","slug":"para-filhos-de-bolsonaro-guedes-nao-pode-ser-entrave-a-reeleicao","status":"publish","type":"post","link":"https:\/\/blogs.correiobraziliense.com.br\/vicente\/para-filhos-de-bolsonaro-guedes-nao-pode-ser-entrave-a-reeleicao\/","title":{"rendered":"Para filhos de Bolsonaro, Guedes n\u00e3o pode ser entrave \u00e0 reelei\u00e7\u00e3o"},"content":{"rendered":"<h2>Os tr\u00eas filhos do presidente Jair Bolsonaro \u2014 Fl\u00e1vio, Carlos e Eduardo \u2014 est\u00e3o convencidos de que o ministro da Economia, Paulo Guedes, n\u00e3o pode ser empecilho para os planos do pai de garantir mais quatro anos de mandato.<\/h2>\n<p>&nbsp;<\/p>\n<p>Em conversas reservadas com aliados do presidente, eles ressaltam a import\u00e2ncia da presen\u00e7a de Guedes no governo, sobretudo por alavancar apoio entre empres\u00e1rios e integrantes do mercado financeiro. Contudo, isso est\u00e1 longe de se aceitar o ministro como entrave para que pol\u00edticas que garantam votos sejam levadas adiante.<\/p>\n<p>&nbsp;<\/p>\n<p>Na avalia\u00e7\u00e3o de Fl\u00e1vio, Carlos e Eduardo, o presidente precisa manter o aux\u00edlio emergencial que alavancou a popularidade do governo, mesmo que em um valor menor do que os atuais R$ 600, e, ao mesmo tempo, tocar obras importantes.<\/p>\n<p>&nbsp;<\/p>\n<p>A vis\u00e3o \u00e9 de que o benef\u00edcio pago \u00e0s pessoas que perderam renda por causa da pandemia do novo coronav\u00edrus tem impacto de mais curto prazo na economia. Sendo assim, \u00e9 importante que as obras sustentem, mais \u00e0 frente, a atividade, evitando decep\u00e7\u00e3o dos eleitores justamente quando a campanha \u00e0 reelei\u00e7\u00e3o j\u00e1 estar\u00e1 a todo vapor.<\/p>\n<p>&nbsp;<\/p>\n<p><strong>Posto Ipiranga j\u00e1 n\u00e3o inspira mais presidente<\/strong><\/p>\n<p>&nbsp;<\/p>\n<p>Quando questionados sobre o futuro de Guedes no governo, os tr\u00eas filhos do presidente dizem que o pai tem forte apre\u00e7o pelo Posto Ipiranga, mas que a rela\u00e7\u00e3o entre os dois entrou em processo de decl\u00ednio.<\/p>\n<p>&nbsp;<\/p>\n<p>Primeiro, pela intransig\u00eancia do ministro. Segundo, por exp\u00f4r, desnecessariamente, a discuss\u00e3o travada nos bastidores do governo pelo aumento de despesas, o que poder\u00e1 implicar em estouro do teto de gastos. Terceiro, por, repentinamente, Guedes buscar apoio do presidente da C\u00e2mara, Rodrigo Maia, que n\u00e3o \u00e9 bem-visto no Planalto. \u201cFicou feio\u201d, diz um dos filhos de Bolsonaro.<\/p>\n<p>&nbsp;<\/p>\n<p>Fl\u00e1vio, Carlos e Eduardo admitem que a situa\u00e7\u00e3o de Guedes, que pode deixar o governo, n\u00e3o \u00e9 irrevers\u00edvel. Mas, se ele ficar no cargo, com certeza, estar\u00e1 mais fraco do que nunca. Ser\u00e1 mais um ministro, e n\u00e3o mais a refer\u00eancia na \u00e1rea econ\u00f4mica.<\/p>\n<p>&nbsp;<\/p>\n<p>Bolsonaro tem gostado muito do que vem ouvindo do ministro do Desenvolvimento Regional, Rog\u00e9rio Marinho, e do ministro de Infraestrutura, Tarc\u00edsio Freitas. O presidente descobriu que h\u00e1 uma outra corrente de pensamento muito mais pr\u00f3xima de sua ess\u00eancia. Ou seja, um Estado mais forte e indutor do crescimento.<\/p>\n<p>&nbsp;<\/p>\n<p><em>Bras\u00edlia, 10h25min<\/em><\/p>\n","protected":false},"excerpt":{"rendered":"<p>Os tr\u00eas filhos do presidente Jair Bolsonaro \u2014 Fl\u00e1vio, Carlos e Eduardo \u2014 est\u00e3o convencidos de que o ministro da Economia, Paulo Guedes, n\u00e3o pode ser empecilho para os planos do pai de garantir mais quatro anos de mandato. &nbsp; Em conversas reservadas com aliados do presidente, eles ressaltam a import\u00e2ncia da presen\u00e7a de Guedes [&hellip;]<\/p>\n","protected":false},"author":22,"featured_media":9785,"comment_status":"open","ping_status":"closed","sticky":false,"template":"","format":"standard","meta":{"footnotes":""},"categories":[600],"tags":[2554,2450,589,2650,4836,3936,3697,914,3613,4274],"class_list":["post-15290","post","type-post","status-publish","format-standard","has-post-thumbnail","hentry","category-economia","tag-bolsonaro","tag-carlos","tag-economia","tag-eduardo","tag-empecilho","tag-filhos","tag-flavio","tag-ministro","tag-paulo-guedes","tag-reeleicao"],"_links":{"self":[{"href":"https:\/\/blogs.correiobraziliense.com.br\/vicente\/wp-json\/wp\/v2\/posts\/15290","targetHints":{"allow":["GET"]}}],"collection":[{"href":"https:\/\/blogs.correiobraziliense.com.br\/vicente\/wp-json\/wp\/v2\/posts"}],"about":[{"href":"https:\/\/blogs.correiobraziliense.com.br\/vicente\/wp-json\/wp\/v2\/types\/post"}],"author":[{"embeddable":true,"href":"https:\/\/blogs.correiobraziliense.com.br\/vicente\/wp-json\/wp\/v2\/users\/22"}],"replies":[{"embeddable":true,"href":"https:\/\/blogs.correiobraziliense.com.br\/vicente\/wp-json\/wp\/v2\/comments?post=15290"}],"version-history":[{"count":1,"href":"https:\/\/blogs.correiobraziliense.com.br\/vicente\/wp-json\/wp\/v2\/posts\/15290\/revisions"}],"predecessor-version":[{"id":15291,"href":"https:\/\/blogs.correiobraziliense.com.br\/vicente\/wp-json\/wp\/v2\/posts\/15290\/revisions\/15291"}],"wp:featuredmedia":[{"embeddable":true,"href":"https:\/\/blogs.correiobraziliense.com.br\/vicente\/wp-json\/wp\/v2\/media\/9785"}],"wp:attachment":[{"href":"https:\/\/blogs.correiobraziliense.com.br\/vicente\/wp-json\/wp\/v2\/media?parent=15290"}],"wp:term":[{"taxonomy":"category","embeddable":true,"href":"https:\/\/blogs.correiobraziliense.com.br\/vicente\/wp-json\/wp\/v2\/categories?post=15290"},{"taxonomy":"post_tag","embeddable":true,"href":"https:\/\/blogs.correiobraziliense.com.br\/vicente\/wp-json\/wp\/v2\/tags?post=15290"}],"curies":[{"name":"wp","href":"https:\/\/api.w.org\/{rel}","templated":true}]}}