{"id":15283,"date":"2020-08-17T18:16:15","date_gmt":"2020-08-17T21:16:15","guid":{"rendered":"https:\/\/blogs.correiobraziliense.com.br\/vicente\/?p=15283"},"modified":"2020-08-17T18:36:02","modified_gmt":"2020-08-17T21:36:02","slug":"escola-eleva-de-jorge-paulo-lemann-vai-contratar-100-pessoas-em-brasilia","status":"publish","type":"post","link":"https:\/\/blogs.correiobraziliense.com.br\/vicente\/escola-eleva-de-jorge-paulo-lemann-vai-contratar-100-pessoas-em-brasilia\/","title":{"rendered":"Escola Eleva, de Jorge Paulo Lemann, vai contratar 100 pessoas em Bras\u00edlia"},"content":{"rendered":"<h2>A <a href=\"https:\/\/blogs.correiobraziliense.com.br\/vicente\/escola-de-jorge-paulo-lemann-dara-bolsas-de-estudo-em-brasilia\/\">Escola Eleva<\/a>, do empres\u00e1rio Jorge Paulo Lemann, um dos homens mais ricos do pa\u00eds, vai contratar aproximadamente 100 pessoas para a sua primeira unidade de Bras\u00edlia, que ser\u00e1 inaugurada no primeiro trimestre de 2021.<\/h2>\n<p>&nbsp;<\/p>\n<p>Segundo comunicado da institui\u00e7\u00e3o, a busca \u00e9 por &#8220;profissionais alinhados aos seus valores de excel\u00eancia, bondade, entusiasmo, responsabilidade e respeito para lan\u00e7ar suas opera\u00e7\u00f5es no Distrito Federal&#8221;.<\/p>\n<p>&nbsp;<\/p>\n<p>As inscri\u00e7\u00f5es para as vagas j\u00e1 est\u00e3o\u00a0liberadas para os cargos de inspetores escolares, professores (inclusive, de ingl\u00eas), coordena\u00e7\u00e3o, entre outros. A depender da vaga, os requisitos m\u00ednimos para participar do processo seletivo s\u00e3o: ensino m\u00e9dio completo, experi\u00eancia em cuidados com crian\u00e7as, experi\u00eancia em atendimento p\u00fablico e conhecimentos em Google Docs e pacote Office.<\/p>\n<p>&nbsp;<\/p>\n<p>Todas as vagas, requisitos e canal de inscri\u00e7\u00e3o podem ser acessados em: <a href=\"https:\/\/escolaeleva.gupy.io\/\">https:\/\/escolaeleva.gupy.io\/<\/a>. A escola avisa que as oportunidades podem superar as previstas inicialmente, de acordo com as necessidades que forem surgindo. Ou seja, o n\u00famero de contrata\u00e7\u00f5es pode ser maior.<\/p>\n<p>&nbsp;<\/p>\n<p><strong>Mais 60 empregados terceirizados<\/strong><\/p>\n<p>&nbsp;<\/p>\n<p>Al\u00e9m dos empregos diretos, a unidade da Eleva em Bras\u00edlia ter\u00e1 um efetivo de cerca de 60 pessoas terceirizadas, atuando nas \u00e1reas de limpeza e manuten\u00e7\u00e3o, seguran\u00e7a, alimenta\u00e7\u00e3o, entre outros.<\/p>\n<p>&nbsp;<\/p>\n<p>A escola informa que investir\u00e1 na forma\u00e7\u00e3o de sua equipe e no desenvolvimento profissional constante dos colaboradores. Isso inclui treinamento para todo o time, momentos de integra\u00e7\u00e3o com as equipes que vir\u00e3o do Rio de Janeiro e de outros estados, al\u00e9m de outras formas de capacita\u00e7\u00e3o.<\/p>\n<p>&nbsp;<\/p>\n<p>No momento de abertura, a escola ter\u00e1 mais de 350 alunos, do infantil ao 6\u00ba ano do ensino fundamental II. Posteriormente, \u00e9 poss\u00edvel que a institui\u00e7\u00e3o venha a oferecer cursos para alunos mais velhos.<\/p>\n<p>&nbsp;<\/p>\n<p><em>Bras\u00edlia, 18h16min<\/em><\/p>\n","protected":false},"excerpt":{"rendered":"<p>A Escola Eleva, do empres\u00e1rio Jorge Paulo Lemann, um dos homens mais ricos do pa\u00eds, vai contratar aproximadamente 100 pessoas para a sua primeira unidade de Bras\u00edlia, que ser\u00e1 inaugurada no primeiro trimestre de 2021. &nbsp; Segundo comunicado da institui\u00e7\u00e3o, a busca \u00e9 por &#8220;profissionais alinhados aos seus valores de excel\u00eancia, bondade, entusiasmo, responsabilidade e [&hellip;]<\/p>\n","protected":false},"author":22,"featured_media":14872,"comment_status":"open","ping_status":"closed","sticky":false,"template":"","format":"standard","meta":{"footnotes":""},"categories":[600],"tags":[926,4742,4181,4834,1909,771,2307,2401],"class_list":["post-15283","post","type-post","status-publish","format-standard","has-post-thumbnail","hentry","category-economia","tag-brasilia","tag-eleva","tag-escola","tag-inspetores","tag-jorge-paulo-lemann","tag-professores","tag-trabalho","tag-vagas"],"_links":{"self":[{"href":"https:\/\/blogs.correiobraziliense.com.br\/vicente\/wp-json\/wp\/v2\/posts\/15283","targetHints":{"allow":["GET"]}}],"collection":[{"href":"https:\/\/blogs.correiobraziliense.com.br\/vicente\/wp-json\/wp\/v2\/posts"}],"about":[{"href":"https:\/\/blogs.correiobraziliense.com.br\/vicente\/wp-json\/wp\/v2\/types\/post"}],"author":[{"embeddable":true,"href":"https:\/\/blogs.correiobraziliense.com.br\/vicente\/wp-json\/wp\/v2\/users\/22"}],"replies":[{"embeddable":true,"href":"https:\/\/blogs.correiobraziliense.com.br\/vicente\/wp-json\/wp\/v2\/comments?post=15283"}],"version-history":[{"count":2,"href":"https:\/\/blogs.correiobraziliense.com.br\/vicente\/wp-json\/wp\/v2\/posts\/15283\/revisions"}],"predecessor-version":[{"id":15285,"href":"https:\/\/blogs.correiobraziliense.com.br\/vicente\/wp-json\/wp\/v2\/posts\/15283\/revisions\/15285"}],"wp:featuredmedia":[{"embeddable":true,"href":"https:\/\/blogs.correiobraziliense.com.br\/vicente\/wp-json\/wp\/v2\/media\/14872"}],"wp:attachment":[{"href":"https:\/\/blogs.correiobraziliense.com.br\/vicente\/wp-json\/wp\/v2\/media?parent=15283"}],"wp:term":[{"taxonomy":"category","embeddable":true,"href":"https:\/\/blogs.correiobraziliense.com.br\/vicente\/wp-json\/wp\/v2\/categories?post=15283"},{"taxonomy":"post_tag","embeddable":true,"href":"https:\/\/blogs.correiobraziliense.com.br\/vicente\/wp-json\/wp\/v2\/tags?post=15283"}],"curies":[{"name":"wp","href":"https:\/\/api.w.org\/{rel}","templated":true}]}}