{"id":15272,"date":"2020-08-17T14:07:33","date_gmt":"2020-08-17T17:07:33","guid":{"rendered":"https:\/\/blogs.correiobraziliense.com.br\/vicente\/?p=15272"},"modified":"2020-08-17T14:16:15","modified_gmt":"2020-08-17T17:16:15","slug":"para-guedes-bolsonaro-pode-repetir-macri-se-cair-na-tentacao-do-aumento-de-gastos","status":"publish","type":"post","link":"https:\/\/blogs.correiobraziliense.com.br\/vicente\/para-guedes-bolsonaro-pode-repetir-macri-se-cair-na-tentacao-do-aumento-de-gastos\/","title":{"rendered":"Para Guedes, Bolsonaro pode repetir Macri se cair na tenta\u00e7\u00e3o do aumento de gastos"},"content":{"rendered":"<h2>Maur\u00edcio Macri. \u00c9 ao ex-presidente da Argentina que o ministro da Economia, Paulo Guedes, e seus auxiliares mais pr\u00f3ximos remetem quando se referem ao flerte do presidente Jair Bolsonaro com o aumento dos gastos e medidas populistas.<\/h2>\n<p>&nbsp;<\/p>\n<p>Macri, como se sabe, desesperado para se reeleger, recorreu a um pacote de medidas que resultaram na explos\u00e3o de despesas e na derrocada financeira da Argentina. Justo ele que assumiu com um discurso liberal, de combate a todas as pol\u00edticas assistencialistas de governos anteriores e de arrocho fiscal para retomar a credibilidade do pa\u00eds junto aos investidores.<\/p>\n<p>&nbsp;<\/p>\n<p>N\u00e3o custa lembrar: antes das elei\u00e7\u00f5es, nas quais tentaria mais um mandato, Macri deu dois aumentos ao sal\u00e1rio m\u00ednimo, instituiu b\u00f4nus para servidores p\u00fablicos e trabalhadores da iniciativa privada, aliviou impostos para a classe m\u00e9dia, decretou morat\u00f3ria nas d\u00edvidas de pequenas e m\u00e9dias empresas e congelou os pre\u00e7os dos combust\u00edveis por 90 dias.<\/p>\n<p>&nbsp;<\/p>\n<p>Como diz um dos mais pr\u00f3ximos auxiliares de Guedes, para ficar com a cara de Macri, basta Bolsonaro seguir os conselhos dos ministros Rog\u00e9rio Marinho (Desenvolvimento Regional) e Braga Netto (Casa Civil). Se insistir nesse caminho, ressalta o t\u00e9cnico, em vez de ficar mais quatro anos no Planalto, o presidente voltar\u00e1 para a Barra da Tijuca.<\/p>\n<p>&nbsp;<\/p>\n<p><em>Bras\u00edlia, 14h07min<\/em><\/p>\n","protected":false},"excerpt":{"rendered":"<p>Maur\u00edcio Macri. \u00c9 ao ex-presidente da Argentina que o ministro da Economia, Paulo Guedes, e seus auxiliares mais pr\u00f3ximos remetem quando se referem ao flerte do presidente Jair Bolsonaro com o aumento dos gastos e medidas populistas. &nbsp; Macri, como se sabe, desesperado para se reeleger, recorreu a um pacote de medidas que resultaram na [&hellip;]<\/p>\n","protected":false},"author":22,"featured_media":11134,"comment_status":"open","ping_status":"closed","sticky":false,"template":"","format":"standard","meta":{"footnotes":""},"categories":[600],"tags":[44,2554,3616,3331,1634,4829,4274,307],"class_list":["post-15272","post","type-post","status-publish","format-standard","has-post-thumbnail","hentry","category-economia","tag-argentina","tag-bolsonaro","tag-guedes","tag-macri","tag-medidas","tag-populistas","tag-reeleicao","tag-teto-de-gastos"],"_links":{"self":[{"href":"https:\/\/blogs.correiobraziliense.com.br\/vicente\/wp-json\/wp\/v2\/posts\/15272","targetHints":{"allow":["GET"]}}],"collection":[{"href":"https:\/\/blogs.correiobraziliense.com.br\/vicente\/wp-json\/wp\/v2\/posts"}],"about":[{"href":"https:\/\/blogs.correiobraziliense.com.br\/vicente\/wp-json\/wp\/v2\/types\/post"}],"author":[{"embeddable":true,"href":"https:\/\/blogs.correiobraziliense.com.br\/vicente\/wp-json\/wp\/v2\/users\/22"}],"replies":[{"embeddable":true,"href":"https:\/\/blogs.correiobraziliense.com.br\/vicente\/wp-json\/wp\/v2\/comments?post=15272"}],"version-history":[{"count":1,"href":"https:\/\/blogs.correiobraziliense.com.br\/vicente\/wp-json\/wp\/v2\/posts\/15272\/revisions"}],"predecessor-version":[{"id":15273,"href":"https:\/\/blogs.correiobraziliense.com.br\/vicente\/wp-json\/wp\/v2\/posts\/15272\/revisions\/15273"}],"wp:featuredmedia":[{"embeddable":true,"href":"https:\/\/blogs.correiobraziliense.com.br\/vicente\/wp-json\/wp\/v2\/media\/11134"}],"wp:attachment":[{"href":"https:\/\/blogs.correiobraziliense.com.br\/vicente\/wp-json\/wp\/v2\/media?parent=15272"}],"wp:term":[{"taxonomy":"category","embeddable":true,"href":"https:\/\/blogs.correiobraziliense.com.br\/vicente\/wp-json\/wp\/v2\/categories?post=15272"},{"taxonomy":"post_tag","embeddable":true,"href":"https:\/\/blogs.correiobraziliense.com.br\/vicente\/wp-json\/wp\/v2\/tags?post=15272"}],"curies":[{"name":"wp","href":"https:\/\/api.w.org\/{rel}","templated":true}]}}