{"id":15270,"date":"2020-08-17T12:41:39","date_gmt":"2020-08-17T15:41:39","guid":{"rendered":"https:\/\/blogs.correiobraziliense.com.br\/vicente\/?p=15270"},"modified":"2020-08-17T12:46:59","modified_gmt":"2020-08-17T15:46:59","slug":"no-ministerio-da-economia-cobra-esta-comendo-cobra","status":"publish","type":"post","link":"https:\/\/blogs.correiobraziliense.com.br\/vicente\/no-ministerio-da-economia-cobra-esta-comendo-cobra\/","title":{"rendered":"No Minist\u00e9rio da Economia, cobra est\u00e1 comendo cobra"},"content":{"rendered":"<h2>Em per\u00edodos nos quais o chefe parece fraco, subalternos botam as asas de fora em busca de mais espa\u00e7os.<\/h2>\n<p>&nbsp;<\/p>\n<p>\u00c9 o que est\u00e1 se vendo no Minist\u00e9rio da Economia. \u201cA impress\u00e3o que temos \u00e9 a de que h\u00e1 cobra comendo cobra\u201d, afirma um aliado de Paulo Guedes.<\/p>\n<p>&nbsp;<\/p>\n<p><em>Bras\u00edlia, 12h41min<\/em><\/p>\n","protected":false},"excerpt":{"rendered":"<p>Em per\u00edodos nos quais o chefe parece fraco, subalternos botam as asas de fora em busca de mais espa\u00e7os. &nbsp; \u00c9 o que est\u00e1 se vendo no Minist\u00e9rio da Economia. \u201cA impress\u00e3o que temos \u00e9 a de que h\u00e1 cobra comendo cobra\u201d, afirma um aliado de Paulo Guedes. &nbsp; Bras\u00edlia, 12h41min<\/p>\n","protected":false},"author":22,"featured_media":10223,"comment_status":"open","ping_status":"closed","sticky":false,"template":"","format":"standard","meta":{"footnotes":""},"categories":[600],"tags":[4828,570,3666,3613],"class_list":["post-15270","post","type-post","status-publish","format-standard","has-post-thumbnail","hentry","category-economia","tag-cobra","tag-disputa","tag-ministerio-da-economia","tag-paulo-guedes"],"_links":{"self":[{"href":"https:\/\/blogs.correiobraziliense.com.br\/vicente\/wp-json\/wp\/v2\/posts\/15270","targetHints":{"allow":["GET"]}}],"collection":[{"href":"https:\/\/blogs.correiobraziliense.com.br\/vicente\/wp-json\/wp\/v2\/posts"}],"about":[{"href":"https:\/\/blogs.correiobraziliense.com.br\/vicente\/wp-json\/wp\/v2\/types\/post"}],"author":[{"embeddable":true,"href":"https:\/\/blogs.correiobraziliense.com.br\/vicente\/wp-json\/wp\/v2\/users\/22"}],"replies":[{"embeddable":true,"href":"https:\/\/blogs.correiobraziliense.com.br\/vicente\/wp-json\/wp\/v2\/comments?post=15270"}],"version-history":[{"count":1,"href":"https:\/\/blogs.correiobraziliense.com.br\/vicente\/wp-json\/wp\/v2\/posts\/15270\/revisions"}],"predecessor-version":[{"id":15271,"href":"https:\/\/blogs.correiobraziliense.com.br\/vicente\/wp-json\/wp\/v2\/posts\/15270\/revisions\/15271"}],"wp:featuredmedia":[{"embeddable":true,"href":"https:\/\/blogs.correiobraziliense.com.br\/vicente\/wp-json\/wp\/v2\/media\/10223"}],"wp:attachment":[{"href":"https:\/\/blogs.correiobraziliense.com.br\/vicente\/wp-json\/wp\/v2\/media?parent=15270"}],"wp:term":[{"taxonomy":"category","embeddable":true,"href":"https:\/\/blogs.correiobraziliense.com.br\/vicente\/wp-json\/wp\/v2\/categories?post=15270"},{"taxonomy":"post_tag","embeddable":true,"href":"https:\/\/blogs.correiobraziliense.com.br\/vicente\/wp-json\/wp\/v2\/tags?post=15270"}],"curies":[{"name":"wp","href":"https:\/\/api.w.org\/{rel}","templated":true}]}}