{"id":15267,"date":"2020-08-17T12:16:08","date_gmt":"2020-08-17T15:16:08","guid":{"rendered":"https:\/\/blogs.correiobraziliense.com.br\/vicente\/?p=15267"},"modified":"2020-08-17T12:28:17","modified_gmt":"2020-08-17T15:28:17","slug":"no-peito-de-bolsonaro-bate-um-coracao-populista-e-nada-liberal-dizem-banqueiros","status":"publish","type":"post","link":"https:\/\/blogs.correiobraziliense.com.br\/vicente\/no-peito-de-bolsonaro-bate-um-coracao-populista-e-nada-liberal-dizem-banqueiros\/","title":{"rendered":"No peito de Bolsonaro bate um cora\u00e7\u00e3o populista e nada liberal, dizem banqueiros"},"content":{"rendered":"<p>Se, entre os empres\u00e1rios do setor produtivo, o apoio ao presidente da Rep\u00fablica \u00e9 crescente \u2014 pesquisa Datafolha mostra que a aprova\u00e7\u00e3o de Jair Bolsonaro nesse p\u00fablico pulou de 48% para 58% entre junho e agosto \u2014, entre os banqueiros impera o ceticismo em rela\u00e7\u00e3o ao chefe do Executivo federal. Para essa ala, no peito de Bolsonaro bate um cora\u00e7\u00e3o populista e nada liberal. E esse n\u00e3o \u00e9 o perfil ideal para conduzir um pa\u00eds com a grandeza dos problemas que se v\u00ea no Brasil.<\/p>\n<p>&nbsp;<\/p>\n<p>Os banqueiros reconhecem, por\u00e9m, que votaram em peso, no segundo turno, para a elei\u00e7\u00e3o do atual presidente. N\u00e3o queriam a volta da esquerda ao poder, justamente por causa de medidas populistas que encantam Bolsonaro, como gastan\u00e7a desenfreada, assistencialismo para garantir currais eleitorais e Estado inchado, com estatais que deveriam ser privatizadas, mas servem para abrigar aliados pol\u00edticos \u2014 no caso do atual governo, tamb\u00e9m de militares da reserva, que encontraram um fil\u00e3o para engordar as contas banc\u00e1rias.<\/p>\n<p>&nbsp;<\/p>\n<p>Nas an\u00e1lises mais recentes que fazem do governo, os banqueiros acreditam que o compromisso com o ajuste fiscal ser\u00e1 testado a todo momento \u2014 isso ficar\u00e1 mais evidente a partir do segundo semestre de 2021, quando Bolsonaro estar\u00e1 mergulhado de vez na campanha \u00e0 reelei\u00e7\u00e3o \u2014 e que quase nada ser\u00e1 feito para conter desmatamentos e invas\u00f5es na Amaz\u00f4nia. Para esse grupo, mesmo com uma poss\u00edvel sa\u00edda de Paulo Guedes do Minist\u00e9rio da Economia e da alta dos juros que ser\u00e1 promovida pelo Banco Central, s\u00e3o relevantes as chances Bolsonaro reeleger-se em 2022.<\/p>\n<p>&nbsp;<\/p>\n<p>O ideal, na vis\u00e3o dos banqueiros, \u00e9 que fosse constru\u00edda uma candidatura de peso de centro, com for\u00e7a para ir ao segundo turno das disputas pela Presid\u00eancia. Mas, hoje, n\u00e3o h\u00e1 tal perspectiva, o que favorece muito o presidente, pois ainda impera, entre os eleitores mais conservadores, o temor de que o PT ou qualquer candidato de esquerda assuma o Pal\u00e1cio do Planalto. Mesmo esse grupo de eleitores tendo ressalvas a Bolsonaro, prefere ele a qualquer um que lembre Luiz Lula In\u00e1cio Lula da Silva ou Dilma Rousseff.<\/p>\n<p>&nbsp;<\/p>\n<p><em>Bras\u00edlia, 12h16min<\/em><\/p>\n","protected":false},"excerpt":{"rendered":"<p>Se, entre os empres\u00e1rios do setor produtivo, o apoio ao presidente da Rep\u00fablica \u00e9 crescente \u2014 pesquisa Datafolha mostra que a aprova\u00e7\u00e3o de Jair Bolsonaro nesse p\u00fablico pulou de 48% para 58% entre junho e agosto \u2014, entre os banqueiros impera o ceticismo em rela\u00e7\u00e3o ao chefe do Executivo federal. Para essa ala, no peito [&hellip;]<\/p>\n","protected":false},"author":22,"featured_media":15268,"comment_status":"open","ping_status":"closed","sticky":false,"template":"","format":"standard","meta":{"footnotes":""},"categories":[600],"tags":[2938,3192,2554,301,4111,4274,307],"class_list":["post-15267","post","type-post","status-publish","format-standard","has-post-thumbnail","hentry","category-economia","tag-apoio","tag-banqueiros","tag-bolsonaro","tag-empresarios","tag-popularidade","tag-reeleicao","tag-teto-de-gastos"],"_links":{"self":[{"href":"https:\/\/blogs.correiobraziliense.com.br\/vicente\/wp-json\/wp\/v2\/posts\/15267","targetHints":{"allow":["GET"]}}],"collection":[{"href":"https:\/\/blogs.correiobraziliense.com.br\/vicente\/wp-json\/wp\/v2\/posts"}],"about":[{"href":"https:\/\/blogs.correiobraziliense.com.br\/vicente\/wp-json\/wp\/v2\/types\/post"}],"author":[{"embeddable":true,"href":"https:\/\/blogs.correiobraziliense.com.br\/vicente\/wp-json\/wp\/v2\/users\/22"}],"replies":[{"embeddable":true,"href":"https:\/\/blogs.correiobraziliense.com.br\/vicente\/wp-json\/wp\/v2\/comments?post=15267"}],"version-history":[{"count":1,"href":"https:\/\/blogs.correiobraziliense.com.br\/vicente\/wp-json\/wp\/v2\/posts\/15267\/revisions"}],"predecessor-version":[{"id":15269,"href":"https:\/\/blogs.correiobraziliense.com.br\/vicente\/wp-json\/wp\/v2\/posts\/15267\/revisions\/15269"}],"wp:featuredmedia":[{"embeddable":true,"href":"https:\/\/blogs.correiobraziliense.com.br\/vicente\/wp-json\/wp\/v2\/media\/15268"}],"wp:attachment":[{"href":"https:\/\/blogs.correiobraziliense.com.br\/vicente\/wp-json\/wp\/v2\/media?parent=15267"}],"wp:term":[{"taxonomy":"category","embeddable":true,"href":"https:\/\/blogs.correiobraziliense.com.br\/vicente\/wp-json\/wp\/v2\/categories?post=15267"},{"taxonomy":"post_tag","embeddable":true,"href":"https:\/\/blogs.correiobraziliense.com.br\/vicente\/wp-json\/wp\/v2\/tags?post=15267"}],"curies":[{"name":"wp","href":"https:\/\/api.w.org\/{rel}","templated":true}]}}