{"id":15263,"date":"2020-08-16T18:29:09","date_gmt":"2020-08-16T21:29:09","guid":{"rendered":"https:\/\/blogs.correiobraziliense.com.br\/vicente\/?p=15263"},"modified":"2020-08-16T19:10:27","modified_gmt":"2020-08-16T22:10:27","slug":"ate-que-ponto-roberto-campos-neto-esta-disposto-a-substituir-paulo-guedes","status":"publish","type":"post","link":"https:\/\/blogs.correiobraziliense.com.br\/vicente\/ate-que-ponto-roberto-campos-neto-esta-disposto-a-substituir-paulo-guedes\/","title":{"rendered":"At\u00e9 que ponto Roberto Campos Neto est\u00e1 disposto a substituir Paulo Guedes?"},"content":{"rendered":"<h2>Os \u00faltimos dois dias foram de questionamentos intensos ao presidente do Banco Central, Roberto Campos Neto. A pergunta que mais ouviu de interlocutores foi: at\u00e9 que ponto ele est\u00e1 disposto a substituir Paulo Guedes no comando do Minist\u00e9rio da Economia.<\/h2>\n<p>&nbsp;<\/p>\n<p>Desde sexta-feira, Campos Neto vem sendo apontado, dentro do governo, como <a href=\"https:\/\/www.correiobraziliense.com.br\/politica\/2020\/08\/4868705-a-fritura-do-ex-superministro.html\">futuro ministro da Economia<\/a>. H\u00e1 uma ala enorme no Pal\u00e1cio do Planalto que garante a sa\u00edda de Guedes do cargo, mesmo que, publicamente, o presidente Jair Bolsonaro diga que o auxiliar segue firme no cargo.<\/p>\n<p>&nbsp;<\/p>\n<p><a href=\"https:\/\/blogs.correiobraziliense.com.br\/vicente\/paciencia-de-bolsonaro-com-paulo-guedes-chegou-ao-limite-saida-do-ministro-sera-acelerada\/\">A rela\u00e7\u00e3o entre Bolsonaro e Guedes estremeceu<\/a> a ponto de, na ter\u00e7a-feira \u00e0 noite (11\/08), o chefe do Executivo dizer que seu subordinado havia passado de todos os limites. O desabafo do presidente veio logo ap\u00f3s a entrevista de Guedes dizendo que estava havendo uma debandada de sua equipe com as sa\u00eddas de mais dois secret\u00e1rios: Salim Matar e Paulo Uebel.<\/p>\n<p>&nbsp;<\/p>\n<p>O que realmente irritou o presidente foi o fato de o subordinado ter admitido a possibilidade de ele sofrer um processo de impeachment se continuar seguindo o conselho de <a href=\"https:\/\/blogs.correiobraziliense.com.br\/vicente\/quem-vencera-a-guerra-pelo-teto-de-gastos-paulo-guedes-ou-rogerio-marinho\/\">ministros &#8220;fura-teto&#8221;<\/a>, que est\u00e3o do\u00eddos para ampliar as despesas p\u00fablicas.<\/p>\n<p>&nbsp;<\/p>\n<p>Bolsonaro considerou esse ponto da declara\u00e7\u00e3o de Guedes avassalador, sobretudo por pelo fato de o ministro estar, na hora da entrevista, ao lado do presidente da C\u00e2mara, Rodrigo Maia, que tem o poder de decis\u00e3o sobre abertura de processos de impedimento do presidente.<\/p>\n<p>&nbsp;<\/p>\n<p><strong>Para Campos Neto, tudo \u00e9 &#8220;planta\u00e7\u00e3o&#8221;<\/strong><\/p>\n<p>&nbsp;<\/p>\n<p>Discret\u00edssimo, Campos Neto n\u00e3o quer entrar nesse debate. Classifica como &#8220;especula\u00e7\u00e3o e planta\u00e7\u00e3o&#8221; o uso de seu nome como poss\u00edvel sucessor de Guedes. O presidente do BC \u00e9 extremamente leal ao chefe e acredita que Guedes est\u00e1 cert\u00edssimo em defender o teto de gastos. Isso \u00e9 vital para que a infla\u00e7\u00e3o e os juros continuem baixos no pa\u00eds e a economia recupere as for\u00e7as para crescer. Isso est\u00e1 claro nos documentos do Comit\u00ea de Pol\u00edtica Monet\u00e1ria (Copom).<\/p>\n<p>&nbsp;<\/p>\n<p>Sempre que se refere a Guedes, Campos Neto o faz com defer\u00eancia. Ele costuma contar a interlocutores como foi nascendo o time que hoje comanda a economia brasileira. Alguns deles, como o presidente da Caixa, Pedro Guimar\u00e3es, faziam parte de um grupo liberal de S\u00e3o Paulo, que discutia os rumos do pa\u00eds. Depois, essa turma se juntou \u00e0 ala do Rio de Janeiro tendo Paulo Guedes como \u00edcone.<\/p>\n<p>&nbsp;<\/p>\n<p>Aos mais chegados, Campos Neto diz que est\u00e1 muito satisfeito no comando do BC. E que ainda tem um trabalho enorme para tocar \u00e0 frente da institui\u00e7\u00e3o, sobretudo no que se refere \u00e0 moderniza\u00e7\u00e3o do sistema financeiro e \u00e0 maior competi\u00e7\u00e3o entre as institui\u00e7\u00f5es de mercado.<\/p>\n<p>&nbsp;<\/p>\n<p>Mais: at\u00e9 agora, em nenhum momento, o presidente da Rep\u00fablica falou com Campos Neto, mesmo que de forma tergiversada, sobre a hip\u00f3tese de ele ser deslocado para o Minist\u00e9rio da Economia. Portanto, na cabe\u00e7a do presidente do BC, Paulo Guedes segue forte. E Bolsonaro est\u00e1 100% fechado com o ministro.<\/p>\n<p>&nbsp;<\/p>\n<p><em>Bras\u00edlia, 18h29min<\/em><\/p>\n","protected":false},"excerpt":{"rendered":"<p>Os \u00faltimos dois dias foram de questionamentos intensos ao presidente do Banco Central, Roberto Campos Neto. A pergunta que mais ouviu de interlocutores foi: at\u00e9 que ponto ele est\u00e1 disposto a substituir Paulo Guedes no comando do Minist\u00e9rio da Economia. &nbsp; Desde sexta-feira, Campos Neto vem sendo apontado, dentro do governo, como futuro ministro da [&hellip;]<\/p>\n","protected":false},"author":22,"featured_media":10090,"comment_status":"open","ping_status":"closed","sticky":false,"template":"","format":"standard","meta":{"footnotes":""},"categories":[600],"tags":[3,2554,3666,3613,3714,1508,307],"class_list":["post-15263","post","type-post","status-publish","format-standard","has-post-thumbnail","hentry","category-economia","tag-banco-central","tag-bolsonaro","tag-ministerio-da-economia","tag-paulo-guedes","tag-roberto-campos-neto","tag-substituicao","tag-teto-de-gastos"],"_links":{"self":[{"href":"https:\/\/blogs.correiobraziliense.com.br\/vicente\/wp-json\/wp\/v2\/posts\/15263","targetHints":{"allow":["GET"]}}],"collection":[{"href":"https:\/\/blogs.correiobraziliense.com.br\/vicente\/wp-json\/wp\/v2\/posts"}],"about":[{"href":"https:\/\/blogs.correiobraziliense.com.br\/vicente\/wp-json\/wp\/v2\/types\/post"}],"author":[{"embeddable":true,"href":"https:\/\/blogs.correiobraziliense.com.br\/vicente\/wp-json\/wp\/v2\/users\/22"}],"replies":[{"embeddable":true,"href":"https:\/\/blogs.correiobraziliense.com.br\/vicente\/wp-json\/wp\/v2\/comments?post=15263"}],"version-history":[{"count":1,"href":"https:\/\/blogs.correiobraziliense.com.br\/vicente\/wp-json\/wp\/v2\/posts\/15263\/revisions"}],"predecessor-version":[{"id":15264,"href":"https:\/\/blogs.correiobraziliense.com.br\/vicente\/wp-json\/wp\/v2\/posts\/15263\/revisions\/15264"}],"wp:featuredmedia":[{"embeddable":true,"href":"https:\/\/blogs.correiobraziliense.com.br\/vicente\/wp-json\/wp\/v2\/media\/10090"}],"wp:attachment":[{"href":"https:\/\/blogs.correiobraziliense.com.br\/vicente\/wp-json\/wp\/v2\/media?parent=15263"}],"wp:term":[{"taxonomy":"category","embeddable":true,"href":"https:\/\/blogs.correiobraziliense.com.br\/vicente\/wp-json\/wp\/v2\/categories?post=15263"},{"taxonomy":"post_tag","embeddable":true,"href":"https:\/\/blogs.correiobraziliense.com.br\/vicente\/wp-json\/wp\/v2\/tags?post=15263"}],"curies":[{"name":"wp","href":"https:\/\/api.w.org\/{rel}","templated":true}]}}