{"id":15259,"date":"2020-08-15T23:51:25","date_gmt":"2020-08-16T02:51:25","guid":{"rendered":"https:\/\/blogs.correiobraziliense.com.br\/vicente\/?p=15259"},"modified":"2020-08-16T16:05:30","modified_gmt":"2020-08-16T19:05:30","slug":"ministerio-da-economia-fara-reformulacao-para-ganhar-mais-agilidade","status":"publish","type":"post","link":"https:\/\/blogs.correiobraziliense.com.br\/vicente\/ministerio-da-economia-fara-reformulacao-para-ganhar-mais-agilidade\/","title":{"rendered":"Minist\u00e9rio da Economia far\u00e1 reformula\u00e7\u00e3o para ganhar mais agilidade"},"content":{"rendered":"<p>Na tentativa de responder mais r\u00e1pido \u00e0 demanda do governo, evitar mais debandadas da equipe e conter o tiroteio do qual est\u00e1 sendo alvo, o ministro da Economia, Paulo Guedes, pediu a seu secret\u00e1rio executivo da pasta, Marcelo Guaranys, que acelere a reestrutura\u00e7\u00e3o da pasta, considerada emperrada demais pela sobreposi\u00e7\u00e3o de fun\u00e7\u00f5es. Esse projeto vem sendo desenhado desde o fim do ano passado.<\/p>\n<p>&nbsp;<\/p>\n<p>N\u00e3o ser\u00e1, por\u00e9m, um processo f\u00e1cil, dadas \u00e0s vaidades que imperam no minist\u00e9rio. H\u00e1 secret\u00e1rios que agem como se fossem o pr\u00f3prio ministro e n\u00e3o aceitam perder poder. \u201cIsso, por\u00e9m, n\u00e3o ser\u00e1 problema para o ministro. Ele atropela quem estiver criando dificuldades\u201d, diz um integrando da Economia a par das mudan\u00e7as que est\u00e3o sendo pensadas. \u201cEstamos falando de uma estrutura resultante da fus\u00e3o de cinco minist\u00e9rios. Tem que corrigir o que est\u00e1 criando dificuldade\u201d, acrescenta.<\/p>\n<p>&nbsp;<\/p>\n<p>J\u00e1 foram identificadas, por exemplo, sobreposi\u00e7\u00f5es entre a Secretaria Especial de Produtividade, Emprego e Competitividade, chefiada por Carlos da Costa, e a Secretaria Especial de Desestatiza\u00e7\u00e3o, agora, comandada por Diogo Mac Cord \u2013 ele substituiu Salim Mattar. Outros pontos de conflitos envolvem a secretaria de Carlos da Costa e a de Previd\u00eancia e Trabalho, chefiada por Bruno Bianco. \u201cTemos visto muita coisa se sobrepondo. E, em vez de decidir, tudo fica emperrado\u201d, ressalta o mesmo t\u00e9cnico.<\/p>\n<p>&nbsp;<\/p>\n<p>Ciente de que precisa reagir, Guedes retomou as reuni\u00f5es semanais com seus secret\u00e1rios especiais e assessores mais pr\u00f3ximos \u2013 esses encontros haviam sido suspensos por causa da pandemia. O desta segunda-feira ser\u00e1 virtual, mas importante para que o ministro unifique o discurso e contenha qualquer movimento de disputa interna por mais espa\u00e7o. \u201cSabemos que, quando h\u00e1 mudan\u00e7as em equipes, sempre aparece algu\u00e9m querendo ocupar mais espa\u00e7o. Esse n\u00e3o \u00e9 o momento para egos inflados. O Minist\u00e9rio da Economia est\u00e1 sob ataque e precisa de uni\u00e3o\u201d, afirma o mesmo t\u00e9cnico.<\/p>\n<p>&nbsp;<\/p>\n<p><em>Bras\u00edlia, 23h51min<\/em><\/p>\n","protected":false},"excerpt":{"rendered":"<p>Na tentativa de responder mais r\u00e1pido \u00e0 demanda do governo, evitar mais debandadas da equipe e conter o tiroteio do qual est\u00e1 sendo alvo, o ministro da Economia, Paulo Guedes, pediu a seu secret\u00e1rio executivo da pasta, Marcelo Guaranys, que acelere a reestrutura\u00e7\u00e3o da pasta, considerada emperrada demais pela sobreposi\u00e7\u00e3o de fun\u00e7\u00f5es. Esse projeto vem [&hellip;]<\/p>\n","protected":false},"author":22,"featured_media":13463,"comment_status":"open","ping_status":"closed","sticky":false,"template":"","format":"standard","meta":{"footnotes":""},"categories":[600],"tags":[4754,2554,4825,3666,3613,4824],"class_list":["post-15259","post","type-post","status-publish","format-standard","has-post-thumbnail","hentry","category-economia","tag-agilidade","tag-bolsonaro","tag-marcelo-guaranys","tag-ministerio-da-economia","tag-paulo-guedes","tag-reformulacao"],"_links":{"self":[{"href":"https:\/\/blogs.correiobraziliense.com.br\/vicente\/wp-json\/wp\/v2\/posts\/15259","targetHints":{"allow":["GET"]}}],"collection":[{"href":"https:\/\/blogs.correiobraziliense.com.br\/vicente\/wp-json\/wp\/v2\/posts"}],"about":[{"href":"https:\/\/blogs.correiobraziliense.com.br\/vicente\/wp-json\/wp\/v2\/types\/post"}],"author":[{"embeddable":true,"href":"https:\/\/blogs.correiobraziliense.com.br\/vicente\/wp-json\/wp\/v2\/users\/22"}],"replies":[{"embeddable":true,"href":"https:\/\/blogs.correiobraziliense.com.br\/vicente\/wp-json\/wp\/v2\/comments?post=15259"}],"version-history":[{"count":3,"href":"https:\/\/blogs.correiobraziliense.com.br\/vicente\/wp-json\/wp\/v2\/posts\/15259\/revisions"}],"predecessor-version":[{"id":15262,"href":"https:\/\/blogs.correiobraziliense.com.br\/vicente\/wp-json\/wp\/v2\/posts\/15259\/revisions\/15262"}],"wp:featuredmedia":[{"embeddable":true,"href":"https:\/\/blogs.correiobraziliense.com.br\/vicente\/wp-json\/wp\/v2\/media\/13463"}],"wp:attachment":[{"href":"https:\/\/blogs.correiobraziliense.com.br\/vicente\/wp-json\/wp\/v2\/media?parent=15259"}],"wp:term":[{"taxonomy":"category","embeddable":true,"href":"https:\/\/blogs.correiobraziliense.com.br\/vicente\/wp-json\/wp\/v2\/categories?post=15259"},{"taxonomy":"post_tag","embeddable":true,"href":"https:\/\/blogs.correiobraziliense.com.br\/vicente\/wp-json\/wp\/v2\/tags?post=15259"}],"curies":[{"name":"wp","href":"https:\/\/api.w.org\/{rel}","templated":true}]}}