{"id":15241,"date":"2020-08-14T18:49:31","date_gmt":"2020-08-14T21:49:31","guid":{"rendered":"https:\/\/blogs.correiobraziliense.com.br\/vicente\/?p=15241"},"modified":"2020-08-14T19:04:18","modified_gmt":"2020-08-14T22:04:18","slug":"banco-do-brasil-da-inicio-ao-processo-para-andre-brandao-assumir-presidencia","status":"publish","type":"post","link":"https:\/\/blogs.correiobraziliense.com.br\/vicente\/banco-do-brasil-da-inicio-ao-processo-para-andre-brandao-assumir-presidencia\/","title":{"rendered":"Banco do Brasil d\u00e1 in\u00edcio ao processo para Andr\u00e9 Brand\u00e3o assumir presid\u00eancia"},"content":{"rendered":"<h2>O Banco do Brasil comunicou, nesta sexta-feira (14\/08), \u00e0 Comiss\u00e3o de Valores Mobili\u00e1rios (CVM), que deu in\u00edcio ao processo para que <a href=\"https:\/\/blogs.correiobraziliense.com.br\/vicente\/andre-brandao-sera-o-presidente-do-banco-do-brasil-so-falta-bolsonaro-comunicar\/\">Andr\u00e9 Brand\u00e3o<\/a> possa assumir a presid\u00eancia da institui\u00e7\u00e3o.<\/h2>\n<p>&nbsp;<\/p>\n<p>No fato relevante publicado ao mercado, o vice-presidente de\u00a0Gest\u00e3o Financeira e Rela\u00e7\u00f5es com Investidores do BB, Carlos Hamilton, informa que o in\u00edcio dos procedimentos para a nomea\u00e7\u00e3o de Brand\u00e3o para o comando do banco foi poss\u00edvel depois do recebimento de um of\u00edcio encaminhado pelo Minist\u00e9rio da Economia.<\/p>\n<p>&nbsp;<\/p>\n<p>Brand\u00e3o, pelos tr\u00e2mites pr\u00e9-estabelecidos, ainda vai passar pela aprova\u00e7\u00e3o do Comit\u00ea de Elegibilidade do Banco do Brasil. Mas j\u00e1 \u00e9 a confirma\u00e7\u00e3o por parte do governo de seu nome para <a href=\"https:\/\/blogs.correiobraziliense.com.br\/vicente\/rubem-novaes-cai-da-presidencia-do-banco-do-brasil\/\">substituir Rubem Novaes<\/a>, que renunciou ao cargo em 24 de julho.<\/p>\n<p>&nbsp;<\/p>\n<p>Veja o que diz o fato relevante publicado pelo BB:<\/p>\n<p>&nbsp;<\/p>\n<p><em>&#8220;Em conformidade com o \u00a7 4\u00ba do art. 157 da Lei n\u00ba 6.404, de 15 de de zembro de 1976, e com a Instru\u00e7\u00e3o CVM n\u00ba 358, de 03 de janeiro de 2002, o Banco do Brasil (BB) comunica que, ap\u00f3s comunica\u00e7\u00e3o formal, via Of\u00edcio do Minist\u00e9rio da Economia, desta data, iniciou-se no \u00e2mbito do BB os procedimentos de governan\u00e7a necess\u00e1rios \u00e0 confirma\u00e7\u00e3o da elegibilidade do Sr. Andr\u00e9 Guilherme Brand\u00e3o para assumir o cargo de presidente da Companhia.<\/em><\/p>\n<p><em>Fatos adicionais, julgados relevantes, ser\u00e3o prontamente divulgados ao mercado.&#8221;<\/em><\/p>\n<p>&nbsp;<\/p>\n<p>Andr\u00e9 Brand\u00e3o ter\u00e1 grandes desafios pela frente. O primeiro, conquistar a confian\u00e7a dos funcion\u00e1rios da institui\u00e7\u00e3o, j\u00e1 que a rela\u00e7\u00e3o de Novaes com os trabalhadores foi muito ruim. Tamb\u00e9m ter\u00e1 que afastar, neste momento, a vis\u00e3o de que o BB est\u00e1 pronto para ser privatizado.<\/p>\n<p>&nbsp;<\/p>\n<p>Outro ponto vital: restabelecer o di\u00e1logo do banco com o Tribunal de Contas da Uni\u00e3o (TCU), que proibiu a institui\u00e7\u00e3o de fazer propaganda em sites especializados em difundir fake news. Rubem Novaes n\u00e3o aceitou os argumentos apresentados pela Corte.<\/p>\n<p>&nbsp;<\/p>\n<p>Andr\u00e9 Brand\u00e3o foi presidente do HSBC no Brasil e estava num cargo estrat\u00e9gico da institui\u00e7\u00e3o em Nova York. Foi justamente o fato de morar fora do pa\u00eds e a burocracia para voltar ao Brasil que atrasaram um pouco a sua nomea\u00e7\u00e3o. Essa demora <a href=\"https:\/\/blogs.correiobraziliense.com.br\/vicente\/teoria-da-conspiracao-no-bb-sugere-que-bolsonaro-desistiu-de-andre-brandao\/\">gerou burburinhos de que o governo tinha desistido da nomea\u00e7\u00e3o<\/a>.<\/p>\n<p>&nbsp;<\/p>\n<p><em>Bras\u00edlia, 18h49min<\/em><\/p>\n","protected":false},"excerpt":{"rendered":"<p>O Banco do Brasil comunicou, nesta sexta-feira (14\/08), \u00e0 Comiss\u00e3o de Valores Mobili\u00e1rios (CVM), que deu in\u00edcio ao processo para que Andr\u00e9 Brand\u00e3o possa assumir a presid\u00eancia da institui\u00e7\u00e3o. &nbsp; No fato relevante publicado ao mercado, o vice-presidente de\u00a0Gest\u00e3o Financeira e Rela\u00e7\u00f5es com Investidores do BB, Carlos Hamilton, informa que o in\u00edcio dos procedimentos para [&hellip;]<\/p>\n","protected":false},"author":22,"featured_media":11442,"comment_status":"open","ping_status":"closed","sticky":false,"template":"","format":"standard","meta":{"footnotes":""},"categories":[600],"tags":[4789,229,2554,4823,3666,3032,92],"class_list":["post-15241","post","type-post","status-publish","format-standard","has-post-thumbnail","hentry","category-economia","tag-andre-brandao","tag-banco-do-brasil","tag-bolsonaro","tag-cmv","tag-ministerio-da-economia","tag-nomeacao","tag-presidencia"],"_links":{"self":[{"href":"https:\/\/blogs.correiobraziliense.com.br\/vicente\/wp-json\/wp\/v2\/posts\/15241","targetHints":{"allow":["GET"]}}],"collection":[{"href":"https:\/\/blogs.correiobraziliense.com.br\/vicente\/wp-json\/wp\/v2\/posts"}],"about":[{"href":"https:\/\/blogs.correiobraziliense.com.br\/vicente\/wp-json\/wp\/v2\/types\/post"}],"author":[{"embeddable":true,"href":"https:\/\/blogs.correiobraziliense.com.br\/vicente\/wp-json\/wp\/v2\/users\/22"}],"replies":[{"embeddable":true,"href":"https:\/\/blogs.correiobraziliense.com.br\/vicente\/wp-json\/wp\/v2\/comments?post=15241"}],"version-history":[{"count":9,"href":"https:\/\/blogs.correiobraziliense.com.br\/vicente\/wp-json\/wp\/v2\/posts\/15241\/revisions"}],"predecessor-version":[{"id":15250,"href":"https:\/\/blogs.correiobraziliense.com.br\/vicente\/wp-json\/wp\/v2\/posts\/15241\/revisions\/15250"}],"wp:featuredmedia":[{"embeddable":true,"href":"https:\/\/blogs.correiobraziliense.com.br\/vicente\/wp-json\/wp\/v2\/media\/11442"}],"wp:attachment":[{"href":"https:\/\/blogs.correiobraziliense.com.br\/vicente\/wp-json\/wp\/v2\/media?parent=15241"}],"wp:term":[{"taxonomy":"category","embeddable":true,"href":"https:\/\/blogs.correiobraziliense.com.br\/vicente\/wp-json\/wp\/v2\/categories?post=15241"},{"taxonomy":"post_tag","embeddable":true,"href":"https:\/\/blogs.correiobraziliense.com.br\/vicente\/wp-json\/wp\/v2\/tags?post=15241"}],"curies":[{"name":"wp","href":"https:\/\/api.w.org\/{rel}","templated":true}]}}