{"id":15238,"date":"2020-08-14T15:18:18","date_gmt":"2020-08-14T18:18:18","guid":{"rendered":"https:\/\/blogs.correiobraziliense.com.br\/vicente\/?p=15238"},"modified":"2020-08-14T15:24:07","modified_gmt":"2020-08-14T18:24:07","slug":"enfim-a-magalu-desembarca-no-distrito-federal","status":"publish","type":"post","link":"https:\/\/blogs.correiobraziliense.com.br\/vicente\/enfim-a-magalu-desembarca-no-distrito-federal\/","title":{"rendered":"Enfim, a Magalu desembarca no Distrito Federal"},"content":{"rendered":"<h2>Depois de ser atropelada pela pandemia do novo coronav\u00edrus, a rede varejista Magazine Luiza retomou os planos de abertura de lojas no Distrito Federal e no Entorno.<\/h2>\n<p>&nbsp;<\/p>\n<p>No total, est\u00e3o previstos 18 pontos de vendas, sendo 11 na capital do pa\u00eds, das quais, sete devem ser inauguradas ainda neste m\u00eas, a princ\u00edpio, em 20 de agosto.<\/p>\n<p>&nbsp;<\/p>\n<p>Das cidades pr\u00f3ximas ao DF, ser\u00e3o contempladas Valpara\u00edso de Goi\u00e1s, Planaltina de Goi\u00e1s, Novo Gama e \u00c1guas Lindas de Goi\u00e1s.<\/p>\n<p>&nbsp;<\/p>\n<p>Por causa do momento dram\u00e1tico que vive o pa\u00eds, n\u00e3o haver\u00e1 tanta bate\u00e7\u00e3o de bumbo, como se havia planejado.<\/p>\n<p>&nbsp;<\/p>\n<p>O xod\u00f3 do grupo \u00e9 a loja do Conjunto Nacional. A Magalu pagou R$ 3 milh\u00f5es em luvas para desalojar o espa\u00e7o ocupado por anos pela Poly\u00e8lle.<\/p>\n<p>&nbsp;<\/p>\n<p>A promessa do grupo \u00e9 de criar pelo menos 600 empregos. Os concorrentes da Magalu est\u00e3o em polvorosa.<\/p>\n<p>&nbsp;<\/p>\n<p><em>Bras\u00edlia, 15h18min<\/em><\/p>\n","protected":false},"excerpt":{"rendered":"<p>Depois de ser atropelada pela pandemia do novo coronav\u00edrus, a rede varejista Magazine Luiza retomou os planos de abertura de lojas no Distrito Federal e no Entorno. &nbsp; No total, est\u00e3o previstos 18 pontos de vendas, sendo 11 na capital do pa\u00eds, das quais, sete devem ser inauguradas ainda neste m\u00eas, a princ\u00edpio, em 20 [&hellip;]<\/p>\n","protected":false},"author":22,"featured_media":15239,"comment_status":"open","ping_status":"closed","sticky":false,"template":"","format":"standard","meta":{"footnotes":""},"categories":[600],"tags":[755,2400,4460,4822,4459],"class_list":["post-15238","post","type-post","status-publish","format-standard","has-post-thumbnail","hentry","category-economia","tag-distrito-federal","tag-empregos","tag-lojas","tag-magalu","tag-magazine-luiza"],"_links":{"self":[{"href":"https:\/\/blogs.correiobraziliense.com.br\/vicente\/wp-json\/wp\/v2\/posts\/15238","targetHints":{"allow":["GET"]}}],"collection":[{"href":"https:\/\/blogs.correiobraziliense.com.br\/vicente\/wp-json\/wp\/v2\/posts"}],"about":[{"href":"https:\/\/blogs.correiobraziliense.com.br\/vicente\/wp-json\/wp\/v2\/types\/post"}],"author":[{"embeddable":true,"href":"https:\/\/blogs.correiobraziliense.com.br\/vicente\/wp-json\/wp\/v2\/users\/22"}],"replies":[{"embeddable":true,"href":"https:\/\/blogs.correiobraziliense.com.br\/vicente\/wp-json\/wp\/v2\/comments?post=15238"}],"version-history":[{"count":1,"href":"https:\/\/blogs.correiobraziliense.com.br\/vicente\/wp-json\/wp\/v2\/posts\/15238\/revisions"}],"predecessor-version":[{"id":15240,"href":"https:\/\/blogs.correiobraziliense.com.br\/vicente\/wp-json\/wp\/v2\/posts\/15238\/revisions\/15240"}],"wp:featuredmedia":[{"embeddable":true,"href":"https:\/\/blogs.correiobraziliense.com.br\/vicente\/wp-json\/wp\/v2\/media\/15239"}],"wp:attachment":[{"href":"https:\/\/blogs.correiobraziliense.com.br\/vicente\/wp-json\/wp\/v2\/media?parent=15238"}],"wp:term":[{"taxonomy":"category","embeddable":true,"href":"https:\/\/blogs.correiobraziliense.com.br\/vicente\/wp-json\/wp\/v2\/categories?post=15238"},{"taxonomy":"post_tag","embeddable":true,"href":"https:\/\/blogs.correiobraziliense.com.br\/vicente\/wp-json\/wp\/v2\/tags?post=15238"}],"curies":[{"name":"wp","href":"https:\/\/api.w.org\/{rel}","templated":true}]}}