{"id":15236,"date":"2020-08-14T15:18:00","date_gmt":"2020-08-14T18:18:00","guid":{"rendered":"https:\/\/blogs.correiobraziliense.com.br\/vicente\/?p=15236"},"modified":"2020-08-14T15:18:07","modified_gmt":"2020-08-14T18:18:07","slug":"bolsonaro-deve-descartar-mourao-como-vice-em-2022","status":"publish","type":"post","link":"https:\/\/blogs.correiobraziliense.com.br\/vicente\/bolsonaro-deve-descartar-mourao-como-vice-em-2022\/","title":{"rendered":"Bolsonaro deve descartar Mour\u00e3o como vice em 2022"},"content":{"rendered":"<h2>Os empres\u00e1rios come\u00e7am a se dar conta de que podem perder um de seus principais interlocutores no governo caso Jair Bolsonaro seja reeleito em 2022. Pelo que ouvem nos corredores do Pal\u00e1cio do Planalto, o general Hamilton Mour\u00e3o n\u00e3o ser\u00e1 mantido como vice na chapa que ir\u00e1 para as urnas nas pr\u00f3ximas elei\u00e7\u00f5es.<\/h2>\n<p>&nbsp;<\/p>\n<p>Bolsonaro acredita que Mour\u00e3o \u00e9 independente demais e n\u00e3o agregar\u00e1 votos. As op\u00e7\u00f5es para vice est\u00e3o no Centr\u00e3o, que re\u00fane os partidos mais fisiol\u00f3gicos do Congresso, e no grupo ideol\u00f3gico, caso o presidente precise de um contraponto ao figurino paz e amor para manter o apoio dos eleitores mais radicais.<\/p>\n<p>&nbsp;<\/p>\n<p>Ciente de que j\u00e1 est\u00e1 sendo descartado, Mour\u00e3o sonha com o governo do Rio Grande do Sul, seu estado natal.<\/p>\n","protected":false},"excerpt":{"rendered":"<p>Os empres\u00e1rios come\u00e7am a se dar conta de que podem perder um de seus principais interlocutores no governo caso Jair Bolsonaro seja reeleito em 2022. Pelo que ouvem nos corredores do Pal\u00e1cio do Planalto, o general Hamilton Mour\u00e3o n\u00e3o ser\u00e1 mantido como vice na chapa que ir\u00e1 para as urnas nas pr\u00f3ximas elei\u00e7\u00f5es. &nbsp; Bolsonaro [&hellip;]<\/p>\n","protected":false},"author":22,"featured_media":9755,"comment_status":"open","ping_status":"closed","sticky":false,"template":"","format":"standard","meta":{"footnotes":""},"categories":[600],"tags":[4344,2554,665,4821,3655,4820],"class_list":["post-15236","post","type-post","status-publish","format-standard","has-post-thumbnail","hentry","category-economia","tag-4344","tag-bolsonaro","tag-eleicoes","tag-governo-do-rio-grande-do-sul","tag-mourao","tag-vice"],"_links":{"self":[{"href":"https:\/\/blogs.correiobraziliense.com.br\/vicente\/wp-json\/wp\/v2\/posts\/15236","targetHints":{"allow":["GET"]}}],"collection":[{"href":"https:\/\/blogs.correiobraziliense.com.br\/vicente\/wp-json\/wp\/v2\/posts"}],"about":[{"href":"https:\/\/blogs.correiobraziliense.com.br\/vicente\/wp-json\/wp\/v2\/types\/post"}],"author":[{"embeddable":true,"href":"https:\/\/blogs.correiobraziliense.com.br\/vicente\/wp-json\/wp\/v2\/users\/22"}],"replies":[{"embeddable":true,"href":"https:\/\/blogs.correiobraziliense.com.br\/vicente\/wp-json\/wp\/v2\/comments?post=15236"}],"version-history":[{"count":1,"href":"https:\/\/blogs.correiobraziliense.com.br\/vicente\/wp-json\/wp\/v2\/posts\/15236\/revisions"}],"predecessor-version":[{"id":15237,"href":"https:\/\/blogs.correiobraziliense.com.br\/vicente\/wp-json\/wp\/v2\/posts\/15236\/revisions\/15237"}],"wp:featuredmedia":[{"embeddable":true,"href":"https:\/\/blogs.correiobraziliense.com.br\/vicente\/wp-json\/wp\/v2\/media\/9755"}],"wp:attachment":[{"href":"https:\/\/blogs.correiobraziliense.com.br\/vicente\/wp-json\/wp\/v2\/media?parent=15236"}],"wp:term":[{"taxonomy":"category","embeddable":true,"href":"https:\/\/blogs.correiobraziliense.com.br\/vicente\/wp-json\/wp\/v2\/categories?post=15236"},{"taxonomy":"post_tag","embeddable":true,"href":"https:\/\/blogs.correiobraziliense.com.br\/vicente\/wp-json\/wp\/v2\/tags?post=15236"}],"curies":[{"name":"wp","href":"https:\/\/api.w.org\/{rel}","templated":true}]}}