{"id":15233,"date":"2020-08-14T15:01:36","date_gmt":"2020-08-14T18:01:36","guid":{"rendered":"https:\/\/blogs.correiobraziliense.com.br\/vicente\/?p=15233"},"modified":"2020-08-14T20:46:47","modified_gmt":"2020-08-14T23:46:47","slug":"os-riscos-para-os-poupadores-se-o-governo-estourar-o-teto-de-gastos","status":"publish","type":"post","link":"https:\/\/blogs.correiobraziliense.com.br\/vicente\/os-riscos-para-os-poupadores-se-o-governo-estourar-o-teto-de-gastos\/","title":{"rendered":"Os riscos para os poupadores se o governo estourar o teto de gastos"},"content":{"rendered":"<h2>A pol\u00eamica em torno do teto dos gastos p\u00fablicos, que est\u00e1 tirando o sono do ministro da Economia, Paulo Guedes, parece distante do cidad\u00e3o comum, mas \u00e9 muito bom que todos fiquem alertas. O tema tem a ver, diretamente, com aqueles que investem o suado dinheiro em fundos de renda fixa, em planos de previd\u00eancia e no Tesouro Direto, pensando, sobretudo, na aposentadoria. Nessas aplica\u00e7\u00f5es, est\u00e1 o grosso da poupan\u00e7a dos brasileiros. Em fundos de investimentos, R$ 1,042 trilh\u00e3o est\u00e1 aplicado em t\u00edtulos p\u00fablicos. Nos planos de previd\u00eancia, R$ 1,015 trilh\u00e3o.<\/h2>\n<p>&nbsp;<\/p>\n<p>O teto dos gastos \u00e9 importante para que o governo contenha a sanha de gastan\u00e7a. Impede que o endividamento do setor p\u00fablico saia do controle, o que provocaria uma onda enorme de desconfian\u00e7a, com a volta da infla\u00e7\u00e3o, a disparada dos juros e, pior, o risco de calote. Tudo o que o pa\u00eds viveu em um passado recente. Por enquanto, nada indica que esse quadro de horror esteja no radar de curto e m\u00e9dio prazos. Mas, infelizmente, entrou no horizonte de quem acompanha o desempenho das contas p\u00fablicas.<\/p>\n<p>&nbsp;<\/p>\n<p>N\u00e3o por acaso, as taxas futuras de juros, por meio das quais os investidores projetam, ao longo dos anos, o custo do dinheiro, est\u00e3o em disparada h\u00e1 dois dias. Quem negocia esses contratos passou a embutir em suas estimativas o perigo de o governo ceder \u00e0 tenta\u00e7\u00e3o da gastan\u00e7a, como alertou Paulo Guedes, se o presidente Jair Bolsonaro seguir o conselho dos ministros \u201cfura-teto\u201d. Somente na quinta-feira (13\/08), nos contratos com vencimento em janeiro de 2023, os juros subiram de 3,95% para 4,01% ao ano. Naqueles com vencimento em janeiro de 2025, as taxas pularam de 5,71% para 5,84% anuais. Nos de janeiro de 2027, o salto foi de 6,71% para 6,89% ao ano.<\/p>\n<p>&nbsp;<\/p>\n<p>Esse aumento dos juros j\u00e1 se reflete na d\u00edvida p\u00fablica. Mesmo antes de a guerra enfrentada pela equipe econ\u00f4mica ganhar os holofotes, o Tesouro Nacional j\u00e1 vinha registrando dois movimentos perigosos: custo mais alto para colocar t\u00edtulos no mercado e encurtamento dos prazos dos pap\u00e9is. De maio para junho, os vencimentos da d\u00edvida em 12 meses atingiram 23,3% do total. No geral, o prazo m\u00e9dio do endividamento p\u00fablico caiu para apenas 3,87 anos. Significa dizer que, em menos de quatro anos, o governo precisa refinanciar toda a sua d\u00edvida, atualmente de R$ 4,4 trilh\u00f5es. Os juros m\u00e9dios alcan\u00e7aram, no mesmo per\u00edodo, 9,04% anuais, mesmo com a taxa b\u00e1sica (Selic) estando em 2% ao ano, piso hist\u00f3rico.<\/p>\n<p>&nbsp;<\/p>\n<p>Tudo isso pode parecer t\u00e9cnico demais. Mas o resumo \u00e9 muito simples: se o governo desrespeitar o teto de gastos, ampliar as despesas al\u00e9m da conta, a d\u00edvida p\u00fablica explodir\u00e1 e o risco de quem poupa em t\u00edtulos p\u00fablicos, seja por meio de fundos de investimentos, seja por interm\u00e9dio de planos de previd\u00eancia, aumentar\u00e1 muito. Portanto, a ordem \u00e9 vigil\u00e2ncia total sobre o presidente Bolsonaro, que est\u00e1 vestindo um modelito populista, de olho em um \u00fanico objeto: a reelei\u00e7\u00e3o.<\/p>\n<p>&nbsp;<\/p>\n<p><em>Bras\u00edlia, 15h01min<\/em><\/p>\n","protected":false},"excerpt":{"rendered":"<p>A pol\u00eamica em torno do teto dos gastos p\u00fablicos, que est\u00e1 tirando o sono do ministro da Economia, Paulo Guedes, parece distante do cidad\u00e3o comum, mas \u00e9 muito bom que todos fiquem alertas. O tema tem a ver, diretamente, com aqueles que investem o suado dinheiro em fundos de renda fixa, em planos de previd\u00eancia [&hellip;]<\/p>\n","protected":false},"author":22,"featured_media":15234,"comment_status":"open","ping_status":"closed","sticky":false,"template":"","format":"standard","meta":{"footnotes":""},"categories":[600],"tags":[303,2922,3613,307,2256],"class_list":["post-15233","post","type-post","status-publish","format-standard","has-post-thumbnail","hentry","category-economia","tag-divida","tag-jair-bolsonaro","tag-paulo-guedes","tag-teto-de-gastos","tag-titulos-publicos"],"_links":{"self":[{"href":"https:\/\/blogs.correiobraziliense.com.br\/vicente\/wp-json\/wp\/v2\/posts\/15233","targetHints":{"allow":["GET"]}}],"collection":[{"href":"https:\/\/blogs.correiobraziliense.com.br\/vicente\/wp-json\/wp\/v2\/posts"}],"about":[{"href":"https:\/\/blogs.correiobraziliense.com.br\/vicente\/wp-json\/wp\/v2\/types\/post"}],"author":[{"embeddable":true,"href":"https:\/\/blogs.correiobraziliense.com.br\/vicente\/wp-json\/wp\/v2\/users\/22"}],"replies":[{"embeddable":true,"href":"https:\/\/blogs.correiobraziliense.com.br\/vicente\/wp-json\/wp\/v2\/comments?post=15233"}],"version-history":[{"count":2,"href":"https:\/\/blogs.correiobraziliense.com.br\/vicente\/wp-json\/wp\/v2\/posts\/15233\/revisions"}],"predecessor-version":[{"id":15254,"href":"https:\/\/blogs.correiobraziliense.com.br\/vicente\/wp-json\/wp\/v2\/posts\/15233\/revisions\/15254"}],"wp:featuredmedia":[{"embeddable":true,"href":"https:\/\/blogs.correiobraziliense.com.br\/vicente\/wp-json\/wp\/v2\/media\/15234"}],"wp:attachment":[{"href":"https:\/\/blogs.correiobraziliense.com.br\/vicente\/wp-json\/wp\/v2\/media?parent=15233"}],"wp:term":[{"taxonomy":"category","embeddable":true,"href":"https:\/\/blogs.correiobraziliense.com.br\/vicente\/wp-json\/wp\/v2\/categories?post=15233"},{"taxonomy":"post_tag","embeddable":true,"href":"https:\/\/blogs.correiobraziliense.com.br\/vicente\/wp-json\/wp\/v2\/tags?post=15233"}],"curies":[{"name":"wp","href":"https:\/\/api.w.org\/{rel}","templated":true}]}}