{"id":15229,"date":"2020-08-14T12:33:44","date_gmt":"2020-08-14T15:33:44","guid":{"rendered":"https:\/\/blogs.correiobraziliense.com.br\/vicente\/?p=15229"},"modified":"2020-08-14T12:33:44","modified_gmt":"2020-08-14T15:33:44","slug":"goldman-sachs-revisa-previsao-de-queda-do-pib-de-75-para-5","status":"publish","type":"post","link":"https:\/\/blogs.correiobraziliense.com.br\/vicente\/goldman-sachs-revisa-previsao-de-queda-do-pib-de-75-para-5\/","title":{"rendered":"Goldman Sachs revisa previs\u00e3o de queda do PIB de 7,5% para 5%"},"content":{"rendered":"<p>ROSANA HESSEL<\/p>\n<p>&nbsp;<\/p>\n<p>Ap\u00f3s o resultados do Banco Central da atividade econ\u00f4mica do segundo trimestre de 2020, o IBC-Br, conhecido como pr\u00e9via do Produto Interno Bruto (PIB) brasileiro, nesta sexta-feira (14\/08), o banco norte-americano Goldman Sachs revisou a previs\u00e3o de queda do PIB brasileiro neste ano, passando de 7,5% para 5%.<\/p>\n<p>&nbsp;<\/p>\n<p>A revis\u00e3o levou em considera\u00e7\u00e3o os indicadores antecedentes de julho e agosto e o dos &#8220;sinais que sugerem tend\u00eancia crescente de manuten\u00e7\u00e3o de um volume significativo de est\u00edmulos fiscais at\u00e9 pelo menos o final do ano&#8221;.<\/p>\n<p>&nbsp;<\/p>\n<p>&#8220;Embora a pandemia viral ainda n\u00e3o tenha sido controlada, dados recentes e algumas de nossas m\u00e9tricas sugerem que a atividade atingiu o fundo do po\u00e7o e atingiu um ponto de inflex\u00e3o em meados de abril. Esperamos que a atividade continue a se recuperar nos pr\u00f3ximos meses, apoiando a flexibiliza\u00e7\u00e3o gradual e seletiva dos bloqueios e protocolos de distanciamento social obrigat\u00f3rio, condi\u00e7\u00f5es financeiras internas e externas mais f\u00e1ceis, est\u00edmulos fiscais adicionais e monet\u00e1rios defasados, pre\u00e7os de commodities em recupera\u00e7\u00e3o e crescimento global firmado&#8221;, destacou o economista-chefe para a Am\u00e9rica Latina do Goldman, Alberto Ramos.<\/p>\n<p>&nbsp;<\/p>\n<p>Ramos, contudo, demonstrou preocupa\u00e7\u00e3o com fato de os dados do setor de servi\u00e7os e do mercado de trabalho\u00a0continuarem fracos em meio \u00e0 pandemia. Para ele, o fim das medidas fiscais de distribui\u00e7\u00e3o de renda deve reduzir o ritmo de recupera\u00e7\u00e3o.<\/p>\n<p>&nbsp;<\/p>\n<p>De acordo com os dados do IBC-Br, a atividade econ\u00f4mica teve avan\u00e7o de 4,89% em junho na compara\u00e7\u00e3o com maio, ligeiramente abaixo do consenso do mercado, de 5%, e da alta de 6,2% esperada pelo Goldman Sachs. No acumulado do trimestre, o PIB recuou quase 11%, confirmando que a economia brasileira entrou em recess\u00e3o t\u00e9cnica, com dois trimestre consecutivos de queda.<\/p>\n<p>&nbsp;<\/p>\n<p>A nova proje\u00e7\u00e3o do Goldman \u00e9 mais pessimista do que a do governo (de retra\u00e7\u00e3o de 4,7%,) e ambas confirmam ainda que o PIB brasileiro dever\u00e1 registrar o pior resultado da hist\u00f3ria em um \u00fanico ano.<\/p>\n<p>&nbsp;<\/p>\n<p>&nbsp;<\/p>\n","protected":false},"excerpt":{"rendered":"<p>ROSANA HESSEL &nbsp; Ap\u00f3s o resultados do Banco Central da atividade econ\u00f4mica do segundo trimestre de 2020, o IBC-Br, conhecido como pr\u00e9via do Produto Interno Bruto (PIB) brasileiro, nesta sexta-feira (14\/08), o banco norte-americano Goldman Sachs revisou a previs\u00e3o de queda do PIB brasileiro neste ano, passando de 7,5% para 5%. &nbsp; A revis\u00e3o levou [&hellip;]<\/p>\n","protected":false},"author":22,"featured_media":0,"comment_status":"open","ping_status":"closed","sticky":false,"template":"","format":"standard","meta":{"footnotes":""},"categories":[600],"tags":[789,58,31,718],"class_list":["post-15229","post","type-post","status-publish","format-standard","hentry","category-economia","tag-goldman-sachs","tag-pib","tag-recessao","tag-revisao"],"_links":{"self":[{"href":"https:\/\/blogs.correiobraziliense.com.br\/vicente\/wp-json\/wp\/v2\/posts\/15229","targetHints":{"allow":["GET"]}}],"collection":[{"href":"https:\/\/blogs.correiobraziliense.com.br\/vicente\/wp-json\/wp\/v2\/posts"}],"about":[{"href":"https:\/\/blogs.correiobraziliense.com.br\/vicente\/wp-json\/wp\/v2\/types\/post"}],"author":[{"embeddable":true,"href":"https:\/\/blogs.correiobraziliense.com.br\/vicente\/wp-json\/wp\/v2\/users\/22"}],"replies":[{"embeddable":true,"href":"https:\/\/blogs.correiobraziliense.com.br\/vicente\/wp-json\/wp\/v2\/comments?post=15229"}],"version-history":[{"count":2,"href":"https:\/\/blogs.correiobraziliense.com.br\/vicente\/wp-json\/wp\/v2\/posts\/15229\/revisions"}],"predecessor-version":[{"id":15231,"href":"https:\/\/blogs.correiobraziliense.com.br\/vicente\/wp-json\/wp\/v2\/posts\/15229\/revisions\/15231"}],"wp:attachment":[{"href":"https:\/\/blogs.correiobraziliense.com.br\/vicente\/wp-json\/wp\/v2\/media?parent=15229"}],"wp:term":[{"taxonomy":"category","embeddable":true,"href":"https:\/\/blogs.correiobraziliense.com.br\/vicente\/wp-json\/wp\/v2\/categories?post=15229"},{"taxonomy":"post_tag","embeddable":true,"href":"https:\/\/blogs.correiobraziliense.com.br\/vicente\/wp-json\/wp\/v2\/tags?post=15229"}],"curies":[{"name":"wp","href":"https:\/\/api.w.org\/{rel}","templated":true}]}}