{"id":15225,"date":"2020-08-14T10:58:30","date_gmt":"2020-08-14T13:58:30","guid":{"rendered":"https:\/\/blogs.correiobraziliense.com.br\/vicente\/?p=15225"},"modified":"2020-08-14T11:18:59","modified_gmt":"2020-08-14T14:18:59","slug":"bolsonaro-acredita-que-avaliacao-positiva-do-governo-e-maior-do-que-mostra-datafolha","status":"publish","type":"post","link":"https:\/\/blogs.correiobraziliense.com.br\/vicente\/bolsonaro-acredita-que-avaliacao-positiva-do-governo-e-maior-do-que-mostra-datafolha\/","title":{"rendered":"Bolsonaro acredita que avalia\u00e7\u00e3o positiva do governo \u00e9 maior do que mostra Datafolha"},"content":{"rendered":"<h2>Nas conversas que manteve com auxiliares, o presidente Jair Bolsonaro n\u00e3o escondeu a satisfa\u00e7\u00e3o com os n\u00fameros da pesquisa Datafolha, que mostram melhora substancial da aprova\u00e7\u00e3o do governo. Ele acredita que o apoio \u00e9 ainda maior do que o revelado pelo levantamento.<\/h2>\n<p>&nbsp;<\/p>\n<p>Bolsonaro avalia que, por ter sido realizada por telefone, a pesquisa do Datafolha pode ter sido prejudicada, sobretudo no Nordeste, onde a aprova\u00e7\u00e3o do presidente saltou 13 pontos percentuais entre dezembro do ano passado e agosto de 2020.<\/p>\n<p>&nbsp;<\/p>\n<p>No geral, a pesquisa Datafolha aponta que, de junho para agosto, a avalia\u00e7\u00e3o de bom e \u00f3timo do governo passou de 32% para 35%. No mesmo per\u00edodo, os que consideram o governo ruim ou p\u00e9ssimo ca\u00edram de 44% para 34%. Outro ponto: a aprova\u00e7\u00e3o pessoal de Bolsonaro subiu de 23% para 27%.<\/p>\n<p>&nbsp;<\/p>\n<p>Nas an\u00e1lises feitas pelo Planalto, a for\u00e7a do aux\u00edlio emergencial de R$ 600 foi mais forte do que todos os n\u00fameros ruins da pandemia do novo coronav\u00edrus. Isso mostra que o governo est\u00e1 no caminho certo ao se preocupar com a parte mais sens\u00edvel do corpo humano, o bolso.<\/p>\n<p>&nbsp;<\/p>\n<p><strong>Corrida para definir prorroga\u00e7\u00e3o de benef\u00edcio<\/strong><\/p>\n<p>&nbsp;<\/p>\n<p>A determina\u00e7\u00e3o do governo, agora, \u00e9 correr para definir a prorroga\u00e7\u00e3o do aux\u00edlio emergencial, que pode ser de um ou dois meses, e anunciar o Renda Brasil, nova roupagem do Bolsa Fam\u00edlia, turbinado por outros programas sociais. Nesse caso, os benef\u00edcios devem variar entre R$ 200 e R$ 300.<\/p>\n<p>&nbsp;<\/p>\n<p>&#8220;A prorroga\u00e7\u00e3o do aux\u00edlio emergencial por mais um per\u00edodo, mesmo que curto, est\u00e1 praticamente certa&#8221;, afirma um auxiliar do presidente. &#8220;\u00c9 o tipo de investimento do qual o governo n\u00e3o pode abrir m\u00e3o neste momento. Temos de lembrar que isso est\u00e1 segurando a economia e minimizando os estragos do desemprego&#8221;, acrescenta.<\/p>\n<p>&nbsp;<\/p>\n<p>De in\u00edcio, o aux\u00edlio emergencial duraria tr\u00eas meses. Mas os ganhos pol\u00edticos trazidos pelo benef\u00edcio levaram Bolsonaro a estend\u00ea-lo por mais dois meses. Com a reelei\u00e7\u00e3o na cabe\u00e7a, ele quer esticar um pouco mais a corda. O aux\u00edlio emergencial custa cerca de R$ 50 bilh\u00f5es por m\u00eas aos cofres p\u00fablicos.<\/p>\n<p>&nbsp;<\/p>\n<p><em>Bras\u00edlia, 10h58min<\/em><\/p>\n","protected":false},"excerpt":{"rendered":"<p>Nas conversas que manteve com auxiliares, o presidente Jair Bolsonaro n\u00e3o escondeu a satisfa\u00e7\u00e3o com os n\u00fameros da pesquisa Datafolha, que mostram melhora substancial da aprova\u00e7\u00e3o do governo. Ele acredita que o apoio \u00e9 ainda maior do que o revelado pelo levantamento. &nbsp; Bolsonaro avalia que, por ter sido realizada por telefone, a pesquisa do [&hellip;]<\/p>\n","protected":false},"author":22,"featured_media":14812,"comment_status":"open","ping_status":"closed","sticky":false,"template":"","format":"standard","meta":{"footnotes":""},"categories":[600],"tags":[],"class_list":["post-15225","post","type-post","status-publish","format-standard","has-post-thumbnail","hentry","category-economia"],"_links":{"self":[{"href":"https:\/\/blogs.correiobraziliense.com.br\/vicente\/wp-json\/wp\/v2\/posts\/15225","targetHints":{"allow":["GET"]}}],"collection":[{"href":"https:\/\/blogs.correiobraziliense.com.br\/vicente\/wp-json\/wp\/v2\/posts"}],"about":[{"href":"https:\/\/blogs.correiobraziliense.com.br\/vicente\/wp-json\/wp\/v2\/types\/post"}],"author":[{"embeddable":true,"href":"https:\/\/blogs.correiobraziliense.com.br\/vicente\/wp-json\/wp\/v2\/users\/22"}],"replies":[{"embeddable":true,"href":"https:\/\/blogs.correiobraziliense.com.br\/vicente\/wp-json\/wp\/v2\/comments?post=15225"}],"version-history":[{"count":1,"href":"https:\/\/blogs.correiobraziliense.com.br\/vicente\/wp-json\/wp\/v2\/posts\/15225\/revisions"}],"predecessor-version":[{"id":15226,"href":"https:\/\/blogs.correiobraziliense.com.br\/vicente\/wp-json\/wp\/v2\/posts\/15225\/revisions\/15226"}],"wp:featuredmedia":[{"embeddable":true,"href":"https:\/\/blogs.correiobraziliense.com.br\/vicente\/wp-json\/wp\/v2\/media\/14812"}],"wp:attachment":[{"href":"https:\/\/blogs.correiobraziliense.com.br\/vicente\/wp-json\/wp\/v2\/media?parent=15225"}],"wp:term":[{"taxonomy":"category","embeddable":true,"href":"https:\/\/blogs.correiobraziliense.com.br\/vicente\/wp-json\/wp\/v2\/categories?post=15225"},{"taxonomy":"post_tag","embeddable":true,"href":"https:\/\/blogs.correiobraziliense.com.br\/vicente\/wp-json\/wp\/v2\/tags?post=15225"}],"curies":[{"name":"wp","href":"https:\/\/api.w.org\/{rel}","templated":true}]}}