{"id":15211,"date":"2020-08-13T10:31:18","date_gmt":"2020-08-13T13:31:18","guid":{"rendered":"https:\/\/blogs.correiobraziliense.com.br\/vicente\/?p=15211"},"modified":"2020-08-13T12:36:28","modified_gmt":"2020-08-13T15:36:28","slug":"a-lupa-do-tcu-nas-tentativas-de-gastanca-de-bolsonaro","status":"publish","type":"post","link":"https:\/\/blogs.correiobraziliense.com.br\/vicente\/a-lupa-do-tcu-nas-tentativas-de-gastanca-de-bolsonaro\/","title":{"rendered":"A lupa do TCU nas tentativas de gastan\u00e7a de Bolsonaro"},"content":{"rendered":"<h2>Respons\u00e1vel pelo processo que resultou no impeachment de Dilma Rousseff, o procurador do Minist\u00e9rio P\u00fablico junto ao Tribunal de Contas da Uni\u00e3o (TCU) J\u00falio Marcelo ressalta que todas as lupas da Corte est\u00e3o direcionadas para os gastos da gest\u00e3o de Jair Bolsonaro.<\/h2>\n<p>&nbsp;<\/p>\n<p>Ele diz que, nas \u00faltimas semanas, houve v\u00e1rias tentativas por parte de integrantes do governo de driblar o teto de gastos. Foram feitas propostas de uso de cr\u00e9ditos extraordin\u00e1rios e de recursos do Bolsa Fam\u00edlia, nesse caso, sob a alega\u00e7\u00e3o de que os benefici\u00e1rios do programa est\u00e3o recebendo o aux\u00edlio emergencial. A transfer\u00eancia de dinheiro carimbado de uma rubrica para outra foi entendida como possibilidade de pedaladas fiscais.<\/p>\n<p>&nbsp;<\/p>\n<p>Para Marcelo, n\u00e3o existe mais espa\u00e7o para esse tipo de manobra. \u201cConseguimos abortar alguns procedimentos que levariam a condutas ilegais por porte do governo\u201d, frisa. Caso o Pal\u00e1cio do Planalto insista nessa dire\u00e7\u00e3o, o TCU n\u00e3o se furtar\u00e1 de abrir processo contra Bolsonaro por crime de responsabilidade fiscal.<\/p>\n<p>&nbsp;<\/p>\n<p>Na vis\u00e3o do procurador, realmente, o teto de gastos, que boa parte do governo quer driblar, \u00e9 apertado, mas \u00e9 um instrumento relevante por induzir \u00e0 maior efici\u00eancia no controle das despesas p\u00fablicas. \u201cHoje, temos que fazer mais com a mesma quantidade de dinheiro. Isso passa pelo aumento da produtividade, que, no Brasil, \u00e9 muito baixa, e pelo uso de novas tecnologias\u201d, ressalta.<\/p>\n<p>&nbsp;<\/p>\n<p>Mais: \u201cSe o governo realmente quer mudar o teto de gastos, que apresente uma Proposta de Emenda Constitucional (PEC) ao Congresso. Esse \u00e9 o caminho legal\u201d. N\u00e3o h\u00e1, no entender de Marcelo, sa\u00eddas heterodoxas quando se trata de ajuste fiscal.<\/p>\n<p>&nbsp;<\/p>\n<p><em>Bras\u00edlia, 10h31min<\/em><\/p>\n","protected":false},"excerpt":{"rendered":"<p>Respons\u00e1vel pelo processo que resultou no impeachment de Dilma Rousseff, o procurador do Minist\u00e9rio P\u00fablico junto ao Tribunal de Contas da Uni\u00e3o (TCU) J\u00falio Marcelo ressalta que todas as lupas da Corte est\u00e3o direcionadas para os gastos da gest\u00e3o de Jair Bolsonaro. &nbsp; Ele diz que, nas \u00faltimas semanas, houve v\u00e1rias tentativas por parte de [&hellip;]<\/p>\n","protected":false},"author":22,"featured_media":10126,"comment_status":"open","ping_status":"closed","sticky":false,"template":"","format":"standard","meta":{"footnotes":""},"categories":[600],"tags":[2554,11,62,4812,50,4813],"class_list":["post-15211","post","type-post","status-publish","format-standard","has-post-thumbnail","hentry","category-economia","tag-bolsonaro","tag-dilma-rousseff","tag-impeachment","tag-julio-marcelo","tag-tcu","tag-teto-dos-gastos"],"_links":{"self":[{"href":"https:\/\/blogs.correiobraziliense.com.br\/vicente\/wp-json\/wp\/v2\/posts\/15211","targetHints":{"allow":["GET"]}}],"collection":[{"href":"https:\/\/blogs.correiobraziliense.com.br\/vicente\/wp-json\/wp\/v2\/posts"}],"about":[{"href":"https:\/\/blogs.correiobraziliense.com.br\/vicente\/wp-json\/wp\/v2\/types\/post"}],"author":[{"embeddable":true,"href":"https:\/\/blogs.correiobraziliense.com.br\/vicente\/wp-json\/wp\/v2\/users\/22"}],"replies":[{"embeddable":true,"href":"https:\/\/blogs.correiobraziliense.com.br\/vicente\/wp-json\/wp\/v2\/comments?post=15211"}],"version-history":[{"count":1,"href":"https:\/\/blogs.correiobraziliense.com.br\/vicente\/wp-json\/wp\/v2\/posts\/15211\/revisions"}],"predecessor-version":[{"id":15212,"href":"https:\/\/blogs.correiobraziliense.com.br\/vicente\/wp-json\/wp\/v2\/posts\/15211\/revisions\/15212"}],"wp:featuredmedia":[{"embeddable":true,"href":"https:\/\/blogs.correiobraziliense.com.br\/vicente\/wp-json\/wp\/v2\/media\/10126"}],"wp:attachment":[{"href":"https:\/\/blogs.correiobraziliense.com.br\/vicente\/wp-json\/wp\/v2\/media?parent=15211"}],"wp:term":[{"taxonomy":"category","embeddable":true,"href":"https:\/\/blogs.correiobraziliense.com.br\/vicente\/wp-json\/wp\/v2\/categories?post=15211"},{"taxonomy":"post_tag","embeddable":true,"href":"https:\/\/blogs.correiobraziliense.com.br\/vicente\/wp-json\/wp\/v2\/tags?post=15211"}],"curies":[{"name":"wp","href":"https:\/\/api.w.org\/{rel}","templated":true}]}}