{"id":15196,"date":"2020-08-12T16:01:12","date_gmt":"2020-08-12T19:01:12","guid":{"rendered":"https:\/\/blogs.correiobraziliense.com.br\/vicente\/?p=15196"},"modified":"2020-08-12T16:21:23","modified_gmt":"2020-08-12T19:21:23","slug":"mais-de-30-ipos-estao-previstos-ate-o-fim-de-dezembro","status":"publish","type":"post","link":"https:\/\/blogs.correiobraziliense.com.br\/vicente\/mais-de-30-ipos-estao-previstos-ate-o-fim-de-dezembro\/","title":{"rendered":"Mais de 30 IPOs est\u00e3o previstos at\u00e9 o fim de dezembro"},"content":{"rendered":"<h2>A consultoria EY fez uma an\u00e1lise sobre lan\u00e7amento de a\u00e7\u00f5es \u2014 IPOs, na sigla em ingl\u00eas \u2014mundo afora no primeiro semestre do ano e constatou que h\u00e1 boas perspectivas para as empresas brasileiras que pretendem estrear na Bolsa de Valores at\u00e9 dezembro.<\/h2>\n<p>&nbsp;<\/p>\n<p>Existem, atualmente, no Brasil, um n\u00famero recorde de ofertas de a\u00e7\u00f5es em prepara\u00e7\u00e3o: mais de 30 apenas para esse segundo semestre. Para efeito de compara\u00e7\u00e3o, de janeiro a junho, foram cinco IPOs, que permitiram \u00e0s empresas captarem US$ 912 milh\u00f5es. O pa\u00eds ficou na 11\u00aa posi\u00e7\u00e3o nesse tipo de neg\u00f3cio no mundo.<\/p>\n<p>&nbsp;<\/p>\n<p>Para a EY, muitas companhias est\u00e3o correndo para entrar na Bolsa porque sabem que h\u00e1 recursos dispon\u00edveis, mas s\u00e3o limitados. Com os juros nos n\u00edveis mais baixos da hist\u00f3ria, os investidores est\u00e3o mais propensos a correrem riscos no mercado acion\u00e1rio.<\/p>\n<p>&nbsp;<\/p>\n<p>Mais: a valoriza\u00e7\u00e3o do d\u00f3lar frente ao real atrai capital estrangeiro, que anda um tanto arredio em rela\u00e7\u00e3o ao Brasil \u2014 sobretudo pelas loucuras que o governo est\u00e1 fazendo na \u00e1rea ambiental \u2014, mas reconhece o potencial da economia do pa\u00eds no p\u00f3s-pandemia do novo coronav\u00edrus.<\/p>\n<p>&nbsp;<\/p>\n<p>No mundo, mais de um ter\u00e7o dos IPOs do primeiro semestre ocorreu em junho, quando se come\u00e7ou a vislumbrar a retomada da atividade econ\u00f4mica. Foram 246 opera\u00e7\u00f5es, no total, movimentando US$ 42,8 bilh\u00f5es. Os setores que mais atra\u00edram a aten\u00e7\u00e3o dos investidores foram os de tecnologia e sa\u00fade.<\/p>\n<p>&nbsp;<\/p>\n<p><em>Bras\u00edlia, 16h01min<\/em><\/p>\n","protected":false},"excerpt":{"rendered":"<p>A consultoria EY fez uma an\u00e1lise sobre lan\u00e7amento de a\u00e7\u00f5es \u2014 IPOs, na sigla em ingl\u00eas \u2014mundo afora no primeiro semestre do ano e constatou que h\u00e1 boas perspectivas para as empresas brasileiras que pretendem estrear na Bolsa de Valores at\u00e9 dezembro. &nbsp; Existem, atualmente, no Brasil, um n\u00famero recorde de ofertas de a\u00e7\u00f5es em [&hellip;]<\/p>\n","protected":false},"author":22,"featured_media":11588,"comment_status":"open","ping_status":"closed","sticky":false,"template":"","format":"standard","meta":{"footnotes":""},"categories":[600],"tags":[3394,2393,4809,4807,4808],"class_list":["post-15196","post","type-post","status-publish","format-standard","has-post-thumbnail","hentry","category-economia","tag-acoes","tag-bolsa","tag-ey","tag-ipos","tag-lancamento"],"_links":{"self":[{"href":"https:\/\/blogs.correiobraziliense.com.br\/vicente\/wp-json\/wp\/v2\/posts\/15196","targetHints":{"allow":["GET"]}}],"collection":[{"href":"https:\/\/blogs.correiobraziliense.com.br\/vicente\/wp-json\/wp\/v2\/posts"}],"about":[{"href":"https:\/\/blogs.correiobraziliense.com.br\/vicente\/wp-json\/wp\/v2\/types\/post"}],"author":[{"embeddable":true,"href":"https:\/\/blogs.correiobraziliense.com.br\/vicente\/wp-json\/wp\/v2\/users\/22"}],"replies":[{"embeddable":true,"href":"https:\/\/blogs.correiobraziliense.com.br\/vicente\/wp-json\/wp\/v2\/comments?post=15196"}],"version-history":[{"count":1,"href":"https:\/\/blogs.correiobraziliense.com.br\/vicente\/wp-json\/wp\/v2\/posts\/15196\/revisions"}],"predecessor-version":[{"id":15197,"href":"https:\/\/blogs.correiobraziliense.com.br\/vicente\/wp-json\/wp\/v2\/posts\/15196\/revisions\/15197"}],"wp:featuredmedia":[{"embeddable":true,"href":"https:\/\/blogs.correiobraziliense.com.br\/vicente\/wp-json\/wp\/v2\/media\/11588"}],"wp:attachment":[{"href":"https:\/\/blogs.correiobraziliense.com.br\/vicente\/wp-json\/wp\/v2\/media?parent=15196"}],"wp:term":[{"taxonomy":"category","embeddable":true,"href":"https:\/\/blogs.correiobraziliense.com.br\/vicente\/wp-json\/wp\/v2\/categories?post=15196"},{"taxonomy":"post_tag","embeddable":true,"href":"https:\/\/blogs.correiobraziliense.com.br\/vicente\/wp-json\/wp\/v2\/tags?post=15196"}],"curies":[{"name":"wp","href":"https:\/\/api.w.org\/{rel}","templated":true}]}}