{"id":15184,"date":"2020-08-12T13:29:53","date_gmt":"2020-08-12T16:29:53","guid":{"rendered":"https:\/\/blogs.correiobraziliense.com.br\/vicente\/?p=15184"},"modified":"2020-08-12T16:59:43","modified_gmt":"2020-08-12T19:59:43","slug":"debandada-da-equipe-economica-deve-continuar-waldery-e-carlos-da-costa-podem-sair","status":"publish","type":"post","link":"https:\/\/blogs.correiobraziliense.com.br\/vicente\/debandada-da-equipe-economica-deve-continuar-waldery-e-carlos-da-costa-podem-sair\/","title":{"rendered":"Debandada da equipe econ\u00f4mica deve continuar. Waldery e Carlos da Costa podem sair"},"content":{"rendered":"<h2><span style=\"font-weight: 400\">ROSANA HESSEL\u00a0<\/span><\/h2>\n<h2>VICENTE NUNES<\/h2>\n<h2><\/h2>\n<h2><span style=\"font-weight: 400\">A debandada do Minist\u00e9rio da Economia parece n\u00e3o ter acabado. A<\/span><span style=\"font-weight: 400\">s informa\u00e7\u00f5es que circulam nesta quarta-feira (12\/08) s\u00e3o de que outros dois integrantes podem abandonar o barco comandado pelo ministro Paulo Guedes: o<\/span><span style=\"font-weight: 400\">s secret\u00e1rios especiais Waldery Rodrigues (Fazenda) e Carlos da Costa (Produtividade, Emprego e Competitividade) tamb\u00e9m estariam deixando a equipe econ\u00f4mica.<\/span><\/h2>\n<p>&nbsp;<\/p>\n<p>Os dois secret\u00e1rios tiveram desgastes em epis\u00f3dios recentes e podem engrossar o grupo das demiss\u00f5es, segundo fontes do governo.<\/p>\n<p>&nbsp;<\/p>\n<p>Ao confirmar a\u00a0<span style=\"font-weight: 400\">sa\u00edda dos secret\u00e1rios especiais Salim Mattar (Desburocratiza\u00e7\u00e3o e Privatiza\u00e7\u00e3o) e Paulo Uebel (Desestatiza\u00e7\u00e3o e Privatiza\u00e7\u00e3o) o ministro admitiu que houve debandada na pasta justamente por n\u00e3o haver avan\u00e7os nas respectivas pastas comandada pelos ex-secret\u00e1rios.<\/span><\/p>\n<p>&nbsp;<\/p>\n<p><span style=\"font-weight: 400\">Essa nova conjuntura est\u00e1 deixando o mercado apreensivo em meio \u00e0 amea\u00e7a do fim da \u00e2ncora fiscal que ajudou na elei\u00e7\u00e3o do presidente Jair Bolsonaro.\u00a0<\/span><span style=\"font-weight: 400\">Fontes pr\u00f3ximas ao chefe da equipe econ\u00f4mica admitem que ele, dificilmente, abandonar\u00e1 a batuta, apesar de as apostas para uma sa\u00edda de Guedes aumentarem diante da desidrata\u00e7\u00e3o da pasta e do aumento das press\u00f5es para mudan\u00e7as no teto de gastos.\u00a0<\/span><\/p>\n<p>&nbsp;<\/p>\n<p><span style=\"font-weight: 400\">Ap\u00f3s encontro com o presidente da C\u00e2mara, Rodrigo Maia (DEM-RJ), e com o l\u00edder do bloc\u00e3o do Centr\u00e3o, Arthur Lira (PP-AL), Guedes alinhou o discurso com os pol\u00edticos em defesa da emenda do teto, aprovada em 2016, e disparou contra os ministros que defendem aumento de investimento p\u00fablico, porque colocam o presidente \u201cna zona sombria\u201d da \u201cirresponsabilidade fiscal e do impeachment\u201d.\u00a0 <\/span><\/p>\n<p>&nbsp;<\/p>\n<p><span style=\"font-weight: 400\">Para tentar minimizar o estrago da debandada, o presidente faz um post hoje defendendo o teto de gastos e privatiza\u00e7\u00f5es como sinal de apoio ao ministro Paulo Guedes. Contudo, no meio desse clima de tens\u00e3o, mercados abriram o dia no vermelho e o \u00cdndice Bovespa registra queda de mais de 1% e o d\u00f3lar segue valorizado em mais de 1%.<\/span><\/p>\n<p>&nbsp;<\/p>\n<p><span style=\"font-weight: 400\">Fontes pr\u00f3ximas de Guedes admitem que o ministro est\u00e1 ficando cada vez menos rodeado de amigos &#8220;desidratado&#8221; enquanto suas promessas feitas por ele quando tomou posse que n\u00e3o se concretizaram, como zerar o deficit prim\u00e1rio no primeiro ano de governo e arrecadar R$ 1 trilh\u00e3o com privatiza\u00e7\u00f5es. Contudo, descartam que o ministro abandone o cargo enquanto ele tiver apoio de Bolsonaro.<\/span><\/p>\n<p>&nbsp;<\/p>\n<p><span style=\"font-weight: 400\">Desde junho, houve outras quatro baixas importantes na equipe econ\u00f4mica: Marcos Troyjo, Mansueto Almeida (Tesouro Nacional), Caio Megale (diretor de Programas) e Rubens Novaes, que anunciou sua sa\u00edda da presid\u00eancia do Banco do Brasil no fim deste m\u00eas. Mas, no ano passado, os desfalques foram o secret\u00e1rio especial da Receita Federal, Marcos Cintra, e o presidente do Banco Nacional de Desenvolvimento Econ\u00f4mico Social (BNDES), Joaquim Levy, ambos defensores da cartilha liberal do ministro.<\/span><\/p>\n<p>&nbsp;<\/p>\n<p><strong>\u00a0Nota<\/strong><\/p>\n<p>Em nota \u00e0 imprensa na tarde de hoje, o MInist\u00e9rio da Economia negou a informa\u00e7\u00e3o de que mais dois secret\u00e1rios estariam saindo do governo. &#8220;N\u00e3o procede a informa\u00e7\u00e3o de que os secret\u00e1rios especiais Waldery e Carlos Da Costa deixar\u00e3o o minist\u00e9rio da Economia&#8221;, disse o comunicado.<\/p>\n","protected":false},"excerpt":{"rendered":"<p>ROSANA HESSEL\u00a0 VICENTE NUNES A debandada do Minist\u00e9rio da Economia parece n\u00e3o ter acabado. As informa\u00e7\u00f5es que circulam nesta quarta-feira (12\/08) s\u00e3o de que outros dois integrantes podem abandonar o barco comandado pelo ministro Paulo Guedes: os secret\u00e1rios especiais Waldery Rodrigues (Fazenda) e Carlos da Costa (Produtividade, Emprego e Competitividade) tamb\u00e9m estariam deixando a equipe [&hellip;]<\/p>\n","protected":false},"author":22,"featured_media":10371,"comment_status":"open","ping_status":"closed","sticky":false,"template":"","format":"standard","meta":{"footnotes":""},"categories":[600],"tags":[4758,589,3613],"class_list":["post-15184","post","type-post","status-publish","format-standard","has-post-thumbnail","hentry","category-economia","tag-debandada","tag-economia","tag-paulo-guedes"],"_links":{"self":[{"href":"https:\/\/blogs.correiobraziliense.com.br\/vicente\/wp-json\/wp\/v2\/posts\/15184","targetHints":{"allow":["GET"]}}],"collection":[{"href":"https:\/\/blogs.correiobraziliense.com.br\/vicente\/wp-json\/wp\/v2\/posts"}],"about":[{"href":"https:\/\/blogs.correiobraziliense.com.br\/vicente\/wp-json\/wp\/v2\/types\/post"}],"author":[{"embeddable":true,"href":"https:\/\/blogs.correiobraziliense.com.br\/vicente\/wp-json\/wp\/v2\/users\/22"}],"replies":[{"embeddable":true,"href":"https:\/\/blogs.correiobraziliense.com.br\/vicente\/wp-json\/wp\/v2\/comments?post=15184"}],"version-history":[{"count":11,"href":"https:\/\/blogs.correiobraziliense.com.br\/vicente\/wp-json\/wp\/v2\/posts\/15184\/revisions"}],"predecessor-version":[{"id":15200,"href":"https:\/\/blogs.correiobraziliense.com.br\/vicente\/wp-json\/wp\/v2\/posts\/15184\/revisions\/15200"}],"wp:featuredmedia":[{"embeddable":true,"href":"https:\/\/blogs.correiobraziliense.com.br\/vicente\/wp-json\/wp\/v2\/media\/10371"}],"wp:attachment":[{"href":"https:\/\/blogs.correiobraziliense.com.br\/vicente\/wp-json\/wp\/v2\/media?parent=15184"}],"wp:term":[{"taxonomy":"category","embeddable":true,"href":"https:\/\/blogs.correiobraziliense.com.br\/vicente\/wp-json\/wp\/v2\/categories?post=15184"},{"taxonomy":"post_tag","embeddable":true,"href":"https:\/\/blogs.correiobraziliense.com.br\/vicente\/wp-json\/wp\/v2\/tags?post=15184"}],"curies":[{"name":"wp","href":"https:\/\/api.w.org\/{rel}","templated":true}]}}