{"id":15176,"date":"2020-08-12T12:01:23","date_gmt":"2020-08-12T15:01:23","guid":{"rendered":"https:\/\/blogs.correiobraziliense.com.br\/vicente\/?p=15176"},"modified":"2020-08-12T12:22:56","modified_gmt":"2020-08-12T15:22:56","slug":"petrobras-aumenta-preco-da-gasolina-em-4-postos-vao-repassar","status":"publish","type":"post","link":"https:\/\/blogs.correiobraziliense.com.br\/vicente\/petrobras-aumenta-preco-da-gasolina-em-4-postos-vao-repassar\/","title":{"rendered":"Petrobras aumenta pre\u00e7o da gasolina em 4%. Postos v\u00e3o repassar"},"content":{"rendered":"<h2>Os consumidores que conseguem encher o tanque com a gasolina por at\u00e9 R$ 3,849 podem se preparar. A Petrobras anunciou que vai reajustar em 4% o valor da gasolina nas refinarias a partir desta quinta-feira (13\/08). Os postos, em sua maioria, devem repassar esse custo para as bombas.<\/h2>\n<p>&nbsp;<\/p>\n<p>Segundo a Petrobras, o litro da gasolina ficar\u00e1 R$ 0,0662 mais caro. Tamb\u00e9m subir\u00e1 o pre\u00e7o do diesel: 2% ou\u00a0R$ 0,0366 por litro. A estatal alega que tanto o d\u00f3lar quanto o petr\u00f3leo no exterior justificam a revis\u00e3o dos valores nas refinarias para cima.<\/p>\n<p>&nbsp;<\/p>\n<p>Nos \u00faltimos dias, os postos deram um bom al\u00edvio aos consumidores. A maioria dos estabelecimentos est\u00e1 trabalhando com pre\u00e7os entre R$ 4,039 e R$ 4,099. Pelo App, no entanto, \u00e9 poss\u00edvel encher o tanque por R$ 3,849. Ou mesmo por R$ 3,999, no Setor de Ind\u00fastria e Abastecimento (SIA), sem o aplicativo.<\/p>\n<p>&nbsp;<\/p>\n<p>A tend\u00eancia \u00e9 de que, j\u00e1 na quinta-feira, os pre\u00e7os sejam ajustados nas bombas, pois os postos aproveitam os an\u00fancios da Petrobras para rever os valores cobrados dos consumidores. Esse movimento t\u00e3o r\u00e1pido vale, sobretudo, quando a estatal anuncia reajustes.<\/p>\n<p>&nbsp;<\/p>\n<p>Para os postos, \u00e9 o momento de recuperar margem de lucros, pois cobram mais caro dos motoristas mesmo tendo comprado estoques a valores mais baixos.<\/p>\n<p>&nbsp;<\/p>\n<p>Portanto, \u00e9 bom preparar o bolso. E, segundo os analistas, quem est\u00e1 precisando abastecer o carro que n\u00e3o perca tempo. O momento \u00e9 agora.<\/p>\n<p>&nbsp;<\/p>\n<p><em> Bras\u00edlia, 12h01min\u00a0<\/em><\/p>\n","protected":false},"excerpt":{"rendered":"<p>Os consumidores que conseguem encher o tanque com a gasolina por at\u00e9 R$ 3,849 podem se preparar. A Petrobras anunciou que vai reajustar em 4% o valor da gasolina nas refinarias a partir desta quinta-feira (13\/08). Os postos, em sua maioria, devem repassar esse custo para as bombas. &nbsp; Segundo a Petrobras, o litro da [&hellip;]<\/p>\n","protected":false},"author":22,"featured_media":12528,"comment_status":"open","ping_status":"closed","sticky":false,"template":"","format":"standard","meta":{"footnotes":""},"categories":[600],"tags":[1305,552,268,2978,228,264,124],"class_list":["post-15176","post","type-post","status-publish","format-standard","has-post-thumbnail","hentry","category-economia","tag-1305","tag-consumidores","tag-gasolina","tag-motoristas","tag-petrobras","tag-reajuste","tag-reajustes"],"_links":{"self":[{"href":"https:\/\/blogs.correiobraziliense.com.br\/vicente\/wp-json\/wp\/v2\/posts\/15176","targetHints":{"allow":["GET"]}}],"collection":[{"href":"https:\/\/blogs.correiobraziliense.com.br\/vicente\/wp-json\/wp\/v2\/posts"}],"about":[{"href":"https:\/\/blogs.correiobraziliense.com.br\/vicente\/wp-json\/wp\/v2\/types\/post"}],"author":[{"embeddable":true,"href":"https:\/\/blogs.correiobraziliense.com.br\/vicente\/wp-json\/wp\/v2\/users\/22"}],"replies":[{"embeddable":true,"href":"https:\/\/blogs.correiobraziliense.com.br\/vicente\/wp-json\/wp\/v2\/comments?post=15176"}],"version-history":[{"count":1,"href":"https:\/\/blogs.correiobraziliense.com.br\/vicente\/wp-json\/wp\/v2\/posts\/15176\/revisions"}],"predecessor-version":[{"id":15177,"href":"https:\/\/blogs.correiobraziliense.com.br\/vicente\/wp-json\/wp\/v2\/posts\/15176\/revisions\/15177"}],"wp:featuredmedia":[{"embeddable":true,"href":"https:\/\/blogs.correiobraziliense.com.br\/vicente\/wp-json\/wp\/v2\/media\/12528"}],"wp:attachment":[{"href":"https:\/\/blogs.correiobraziliense.com.br\/vicente\/wp-json\/wp\/v2\/media?parent=15176"}],"wp:term":[{"taxonomy":"category","embeddable":true,"href":"https:\/\/blogs.correiobraziliense.com.br\/vicente\/wp-json\/wp\/v2\/categories?post=15176"},{"taxonomy":"post_tag","embeddable":true,"href":"https:\/\/blogs.correiobraziliense.com.br\/vicente\/wp-json\/wp\/v2\/tags?post=15176"}],"curies":[{"name":"wp","href":"https:\/\/api.w.org\/{rel}","templated":true}]}}