{"id":15171,"date":"2020-08-12T07:50:26","date_gmt":"2020-08-12T10:50:26","guid":{"rendered":"https:\/\/blogs.correiobraziliense.com.br\/vicente\/?p=15171"},"modified":"2020-08-12T11:57:42","modified_gmt":"2020-08-12T14:57:42","slug":"o-trio-que-tirou-guedes-do-serio-marinho-tarcisio-e-braga-netto","status":"publish","type":"post","link":"https:\/\/blogs.correiobraziliense.com.br\/vicente\/o-trio-que-tirou-guedes-do-serio-marinho-tarcisio-e-braga-netto\/","title":{"rendered":"O trio que tirou Guedes do s\u00e9rio: Marinho, Tarc\u00edsio e Braga Netto"},"content":{"rendered":"<h2>O Pal\u00e1cio do Planalto entendeu o recado mais do que claro enviado pelo ministro da Economia, Paulo Guedes. Ele n\u00e3o vai tolerar mais as movimenta\u00e7\u00f5es dentro do governo que pregam a gastan\u00e7a e embarreiram a\u00e7\u00f5es importantes, como a privatiza\u00e7\u00e3o de estatais. A paci\u00eancia do ministro encurtou muito.<\/h2>\n<p>&nbsp;<\/p>\n<p>Guedes v\u00ea o presidente Jair Bolsonaro se rendendo ao canto da sereia entoado pelos ministros do Desenvolvimento Regional, Rog\u00e9rio Marinho; da Infraestrutura, Tarc\u00edsio Freitas; e da Casa Civil, Braga Netto.<\/p>\n<p>&nbsp;<\/p>\n<p>Eles s\u00e3o chamados pelo chefe da equipe econ\u00f4mica \u2014 que est\u00e1 em debandada \u2014 de \u201cministros fura-teto\u201d, por defenderem mais despesas, desrespeitando o teto de gastos, fundamental para o equil\u00edbrio das contas p\u00fablicas.<\/p>\n<p>&nbsp;<\/p>\n<p>Bolsonaro, na vis\u00e3o de Guedes, corre s\u00e9rios riscos de continuar acreditando no discurso de que, ao abrir os cofres sem nenhum crit\u00e9rio, ser\u00e1 reeleito. Poder\u00e1, sim, repetir o destino de Dilma Rousseff, que foi defenestrada do poder por desrespeitar a Lei de Responsabilidade Fiscal.<\/p>\n<p>&nbsp;<\/p>\n<p><em>Bras\u00edlia, 07h50min<\/em><\/p>\n","protected":false},"excerpt":{"rendered":"<p>O Pal\u00e1cio do Planalto entendeu o recado mais do que claro enviado pelo ministro da Economia, Paulo Guedes. Ele n\u00e3o vai tolerar mais as movimenta\u00e7\u00f5es dentro do governo que pregam a gastan\u00e7a e embarreiram a\u00e7\u00f5es importantes, como a privatiza\u00e7\u00e3o de estatais. A paci\u00eancia do ministro encurtou muito. &nbsp; Guedes v\u00ea o presidente Jair Bolsonaro se [&hellip;]<\/p>\n","protected":false},"author":22,"featured_media":15172,"comment_status":"open","ping_status":"closed","sticky":false,"template":"","format":"standard","meta":{"footnotes":""},"categories":[600],"tags":[3664,2554,4634,802,3613,2731,4190],"class_list":["post-15171","post","type-post","status-publish","format-standard","has-post-thumbnail","hentry","category-economia","tag-rogerio-marinho","tag-bolsonaro","tag-braga-netto","tag-gastos","tag-paulo-guedes","tag-planalto","tag-tarcisio-freitas"],"_links":{"self":[{"href":"https:\/\/blogs.correiobraziliense.com.br\/vicente\/wp-json\/wp\/v2\/posts\/15171","targetHints":{"allow":["GET"]}}],"collection":[{"href":"https:\/\/blogs.correiobraziliense.com.br\/vicente\/wp-json\/wp\/v2\/posts"}],"about":[{"href":"https:\/\/blogs.correiobraziliense.com.br\/vicente\/wp-json\/wp\/v2\/types\/post"}],"author":[{"embeddable":true,"href":"https:\/\/blogs.correiobraziliense.com.br\/vicente\/wp-json\/wp\/v2\/users\/22"}],"replies":[{"embeddable":true,"href":"https:\/\/blogs.correiobraziliense.com.br\/vicente\/wp-json\/wp\/v2\/comments?post=15171"}],"version-history":[{"count":1,"href":"https:\/\/blogs.correiobraziliense.com.br\/vicente\/wp-json\/wp\/v2\/posts\/15171\/revisions"}],"predecessor-version":[{"id":15173,"href":"https:\/\/blogs.correiobraziliense.com.br\/vicente\/wp-json\/wp\/v2\/posts\/15171\/revisions\/15173"}],"wp:featuredmedia":[{"embeddable":true,"href":"https:\/\/blogs.correiobraziliense.com.br\/vicente\/wp-json\/wp\/v2\/media\/15172"}],"wp:attachment":[{"href":"https:\/\/blogs.correiobraziliense.com.br\/vicente\/wp-json\/wp\/v2\/media?parent=15171"}],"wp:term":[{"taxonomy":"category","embeddable":true,"href":"https:\/\/blogs.correiobraziliense.com.br\/vicente\/wp-json\/wp\/v2\/categories?post=15171"},{"taxonomy":"post_tag","embeddable":true,"href":"https:\/\/blogs.correiobraziliense.com.br\/vicente\/wp-json\/wp\/v2\/tags?post=15171"}],"curies":[{"name":"wp","href":"https:\/\/api.w.org\/{rel}","templated":true}]}}