{"id":15164,"date":"2020-08-11T17:42:00","date_gmt":"2020-08-11T20:42:00","guid":{"rendered":"https:\/\/blogs.correiobraziliense.com.br\/vicente\/?p=15164"},"modified":"2020-08-11T17:42:11","modified_gmt":"2020-08-11T20:42:11","slug":"o-apoio-dos-empresarios-a-reeleicao-de-bolsonaro","status":"publish","type":"post","link":"https:\/\/blogs.correiobraziliense.com.br\/vicente\/o-apoio-dos-empresarios-a-reeleicao-de-bolsonaro\/","title":{"rendered":"O apoio dos empres\u00e1rios \u00e0 reelei\u00e7\u00e3o de Bolsonaro"},"content":{"rendered":"<h2>Apesar da discri\u00e7\u00e3o que costumam manter, para n\u00e3o criar ru\u00eddos, os empres\u00e1rios j\u00e1 discutem as elei\u00e7\u00f5es de 2022. Parte deles admite apoiar a reelei\u00e7\u00e3o de Jair Bolsonaro. N\u00e3o que isso represente total aprova\u00e7\u00e3o ao atual governo. Mas os donos do dinheiro listam dois pontos que, hoje, os levam a defender mais quatro anos de governo para o presidente: a total falta de op\u00e7\u00e3o entre os poss\u00edveis candidatos e a liberdade com que a equipe econ\u00f4mica vem atuando.<\/h2>\n<p>&nbsp;<\/p>\n<p>O ideal, reconhece o empresariado, seria a constru\u00e7\u00e3o de uma candidatura de centro que criasse menos ru\u00eddos que Bolsonaro. Mas reconhecem que o governador de S\u00e3o Paulo, Jo\u00e3o D\u00f3ria, est\u00e1 muito desgastado para concorrer \u00e0 Presid\u00eancia e ressaltam que o ex-juiz Sergio Moro \u00e9 uma inc\u00f3gnita. Al\u00e9m de n\u00e3o ter nenhuma experi\u00eancia em gest\u00e3o, n\u00e3o se sabe que pol\u00edtica econ\u00f4mica ele levaria adiante caso fosse eleito.<\/p>\n<p>&nbsp;<\/p>\n<p><strong>Pandemia e meio ambiente<\/strong><\/p>\n<p>&nbsp;<\/p>\n<p>No entender dos empres\u00e1rios, Bolsonaro errou muito na condu\u00e7\u00e3o da crise provocada pela pandemia do novo coronav\u00edrus. Tamb\u00e9m est\u00e1 pecando em manter Ricardo Salles no Minist\u00e9rio do Meio Ambiente. Por\u00e9m, agrada o capital quando permite que o ministro da Economia, Paulo Guedes, leve adiante reformas estruturais e quando endossa as a\u00e7\u00f5es do Banco Central. Isso, para eles, \u00e9 vital pois garante uma travessia menos tumultuada quando a produ\u00e7\u00e3o e o consumo recuperarem o f\u00f4lego.<\/p>\n<p>&nbsp;<\/p>\n<p>A postura paz e amor de Bolsonaro \u00e9 o que mais tem contribuindo para manter o suporte dos donos do dinheiro a ele. Os empres\u00e1rios dizem que o presidente est\u00e1 caminhando tanto para o centro da pol\u00edtica quanto para o centro da economia, o que \u00e9 bom. Mas, a despeito do pragmatismo que demonstram agora, alertam: Bolsonaro est\u00e1 sob contante escrut\u00ednio. Se retomar o radicalismo, ou mesmo insistir no populismo ao aumentar gastos para atrair votos, o apoio de hoje vai minguar \u2014 e rapidamente.<\/p>\n","protected":false},"excerpt":{"rendered":"<p>Apesar da discri\u00e7\u00e3o que costumam manter, para n\u00e3o criar ru\u00eddos, os empres\u00e1rios j\u00e1 discutem as elei\u00e7\u00f5es de 2022. Parte deles admite apoiar a reelei\u00e7\u00e3o de Jair Bolsonaro. N\u00e3o que isso represente total aprova\u00e7\u00e3o ao atual governo. Mas os donos do dinheiro listam dois pontos que, hoje, os levam a defender mais quatro anos de governo [&hellip;]<\/p>\n","protected":false},"author":22,"featured_media":13776,"comment_status":"open","ping_status":"closed","sticky":false,"template":"","format":"standard","meta":{"footnotes":""},"categories":[600],"tags":[2938,2554,301,2392,4274],"class_list":["post-15164","post","type-post","status-publish","format-standard","has-post-thumbnail","hentry","category-economia","tag-apoio","tag-bolsonaro","tag-empresarios","tag-moro","tag-reeleicao"],"_links":{"self":[{"href":"https:\/\/blogs.correiobraziliense.com.br\/vicente\/wp-json\/wp\/v2\/posts\/15164","targetHints":{"allow":["GET"]}}],"collection":[{"href":"https:\/\/blogs.correiobraziliense.com.br\/vicente\/wp-json\/wp\/v2\/posts"}],"about":[{"href":"https:\/\/blogs.correiobraziliense.com.br\/vicente\/wp-json\/wp\/v2\/types\/post"}],"author":[{"embeddable":true,"href":"https:\/\/blogs.correiobraziliense.com.br\/vicente\/wp-json\/wp\/v2\/users\/22"}],"replies":[{"embeddable":true,"href":"https:\/\/blogs.correiobraziliense.com.br\/vicente\/wp-json\/wp\/v2\/comments?post=15164"}],"version-history":[{"count":1,"href":"https:\/\/blogs.correiobraziliense.com.br\/vicente\/wp-json\/wp\/v2\/posts\/15164\/revisions"}],"predecessor-version":[{"id":15165,"href":"https:\/\/blogs.correiobraziliense.com.br\/vicente\/wp-json\/wp\/v2\/posts\/15164\/revisions\/15165"}],"wp:featuredmedia":[{"embeddable":true,"href":"https:\/\/blogs.correiobraziliense.com.br\/vicente\/wp-json\/wp\/v2\/media\/13776"}],"wp:attachment":[{"href":"https:\/\/blogs.correiobraziliense.com.br\/vicente\/wp-json\/wp\/v2\/media?parent=15164"}],"wp:term":[{"taxonomy":"category","embeddable":true,"href":"https:\/\/blogs.correiobraziliense.com.br\/vicente\/wp-json\/wp\/v2\/categories?post=15164"},{"taxonomy":"post_tag","embeddable":true,"href":"https:\/\/blogs.correiobraziliense.com.br\/vicente\/wp-json\/wp\/v2\/tags?post=15164"}],"curies":[{"name":"wp","href":"https:\/\/api.w.org\/{rel}","templated":true}]}}