{"id":15134,"date":"2020-08-10T13:20:53","date_gmt":"2020-08-10T16:20:53","guid":{"rendered":"https:\/\/blogs.correiobraziliense.com.br\/vicente\/?p=15134"},"modified":"2020-08-10T14:03:15","modified_gmt":"2020-08-10T17:03:15","slug":"mansueto-diz-que-comecara-no-btg-pactual-em-janeiro-de-2021","status":"publish","type":"post","link":"https:\/\/blogs.correiobraziliense.com.br\/vicente\/mansueto-diz-que-comecara-no-btg-pactual-em-janeiro-de-2021\/","title":{"rendered":"Mansueto diz que come\u00e7ar\u00e1 no BTG Pactual em janeiro de 2021"},"content":{"rendered":"<p>ROSANA HESSEL<\/p>\n<p>&nbsp;<\/p>\n<p>O ex-secret\u00e1rio do Tesouro Nacional, Mansueto Almeida, confirmou ao <strong>Blog<\/strong> sua ida para o banco BTG Pactual.\u00a0 Ele disse que s\u00f3 poder\u00e1 come\u00e7ar no novo cargo &#8220;na segunda quinzena de janeiro de 2021&#8221;, ap\u00f3s o t\u00e9rmino do per\u00edodo de quarentena.<\/p>\n<p>&nbsp;<\/p>\n<p>&#8220;Estava cansado h\u00e1 tanto tempo no governo&#8221;, disse Mansueto ao justificar o motivo de sua sa\u00edda.<\/p>\n<p>&nbsp;<\/p>\n<p>O economista deixou o Tesouro Nacional em 15 de julho, quando foi substitu\u00eddo por Bruno Funchal, que tem como compromisso guardar a chave dos cofres da Uni\u00e3o em um ano complicado de aumento acelerado de gastos por conta da pandemia de covid-19. Pelas previs\u00f5es do governo, o rombo das contas p\u00fablicas deste ano deve chegar a R$ 787,5 bilh\u00f5es, conforme o relat\u00f3rio de avalia\u00e7\u00e3o de receitas e despesas do 3\u00ba bimestre de 2020.<\/p>\n<p>&nbsp;<\/p>\n<p>Especialista em contas p\u00fablicas, Mansueto deixou o Instituto de Pesquisa Econ\u00f4mica Aplicada (Ipea), em 2016, para integrar a equipe econ\u00f4mica do ex-ministro da Fazenda, Henrique Meirelles. Primeiro, assumiu a\u00a0Secretaria de Acompanhamento Econ\u00f4mico (Seae) e, depois, o Tesouro Nacional, onde ficou at\u00e9 o m\u00eas passado substituindo Ana Paula Vescovi, que deixou o governo em dire\u00e7\u00e3o do banco Santander.<\/p>\n<p>&nbsp;<\/p>\n<p>No BTG Pactual, banco que o ex-ministro da Economia, Paulo Guedes, ajudou a fundar e presidido por Andr\u00e9 Esteves, Mansueto encontrar\u00e1 Eduardo Guardia, ex-secret\u00e1rio-executivo de Meirelles que assumiu a pasta em 2018, quando o ex-ministro largou o cargo para disputar as elei\u00e7\u00f5es presidenciais como candidato do MDB.<\/p>\n<p>&nbsp;<\/p>\n<p>&nbsp;<\/p>\n<p>&nbsp;<\/p>\n<p>&nbsp;<\/p>\n<p>&nbsp;<\/p>\n<p>&nbsp;<\/p>\n","protected":false},"excerpt":{"rendered":"<p>ROSANA HESSEL &nbsp; O ex-secret\u00e1rio do Tesouro Nacional, Mansueto Almeida, confirmou ao Blog sua ida para o banco BTG Pactual.\u00a0 Ele disse que s\u00f3 poder\u00e1 come\u00e7ar no novo cargo &#8220;na segunda quinzena de janeiro de 2021&#8221;, ap\u00f3s o t\u00e9rmino do per\u00edodo de quarentena. &nbsp; &#8220;Estava cansado h\u00e1 tanto tempo no governo&#8221;, disse Mansueto ao justificar [&hellip;]<\/p>\n","protected":false},"author":22,"featured_media":0,"comment_status":"open","ping_status":"closed","sticky":false,"template":"","format":"standard","meta":{"footnotes":""},"categories":[600],"tags":[53,573,3613,121],"class_list":["post-15134","post","type-post","status-publish","format-standard","hentry","category-economia","tag-btg-pactual","tag-mansueto-almeida","tag-paulo-guedes","tag-tesouro-nacional"],"_links":{"self":[{"href":"https:\/\/blogs.correiobraziliense.com.br\/vicente\/wp-json\/wp\/v2\/posts\/15134","targetHints":{"allow":["GET"]}}],"collection":[{"href":"https:\/\/blogs.correiobraziliense.com.br\/vicente\/wp-json\/wp\/v2\/posts"}],"about":[{"href":"https:\/\/blogs.correiobraziliense.com.br\/vicente\/wp-json\/wp\/v2\/types\/post"}],"author":[{"embeddable":true,"href":"https:\/\/blogs.correiobraziliense.com.br\/vicente\/wp-json\/wp\/v2\/users\/22"}],"replies":[{"embeddable":true,"href":"https:\/\/blogs.correiobraziliense.com.br\/vicente\/wp-json\/wp\/v2\/comments?post=15134"}],"version-history":[{"count":3,"href":"https:\/\/blogs.correiobraziliense.com.br\/vicente\/wp-json\/wp\/v2\/posts\/15134\/revisions"}],"predecessor-version":[{"id":15138,"href":"https:\/\/blogs.correiobraziliense.com.br\/vicente\/wp-json\/wp\/v2\/posts\/15134\/revisions\/15138"}],"wp:attachment":[{"href":"https:\/\/blogs.correiobraziliense.com.br\/vicente\/wp-json\/wp\/v2\/media?parent=15134"}],"wp:term":[{"taxonomy":"category","embeddable":true,"href":"https:\/\/blogs.correiobraziliense.com.br\/vicente\/wp-json\/wp\/v2\/categories?post=15134"},{"taxonomy":"post_tag","embeddable":true,"href":"https:\/\/blogs.correiobraziliense.com.br\/vicente\/wp-json\/wp\/v2\/tags?post=15134"}],"curies":[{"name":"wp","href":"https:\/\/api.w.org\/{rel}","templated":true}]}}