{"id":15123,"date":"2020-08-06T09:50:59","date_gmt":"2020-08-06T12:50:59","guid":{"rendered":"https:\/\/blogs.correiobraziliense.com.br\/vicente\/?p=15123"},"modified":"2020-08-06T20:59:25","modified_gmt":"2020-08-06T23:59:25","slug":"91-849-servidores-federais-poderao-se-aposentar-nos-proximos-cinco-anos","status":"publish","type":"post","link":"https:\/\/blogs.correiobraziliense.com.br\/vicente\/91-849-servidores-federais-poderao-se-aposentar-nos-proximos-cinco-anos\/","title":{"rendered":"91.849 servidores federais poder\u00e3o se aposentar nos pr\u00f3ximos cinco anos"},"content":{"rendered":"<h2>Dados coletados pela Secretaria de Gest\u00e3o do Minist\u00e9rio da Economia mostram que, nos pr\u00f3ximos cinco anos, 91.849 servidores do Executivo federal estar\u00e3o em idade de se aposentar. Eles representam 16,2% da for\u00e7a ativa de trabalho, de 564.848 funcion\u00e1rios. Desse total, segundo o boletim estat\u00edstico da administra\u00e7\u00e3o p\u00fablica, que ser\u00e1 lan\u00e7ado nesta quinta-feira, 20.114 poder\u00e3o engrossar a folha de inativos da Uni\u00e3o neste ano.<\/h2>\n<p>&nbsp;<\/p>\n<p>Segundo o secret\u00e1rio de Gest\u00e3o do minist\u00e9rio, Cristiano Heckert, al\u00e9m dos servidores pr\u00f3ximos de atingirem as condi\u00e7\u00f5es de se aposentar, o governo conta hoje com 67 mil pessoas que j\u00e1 poderiam ter parado de trabalhar, mas continuam exercendo plenamente as suas fun\u00e7\u00f5es. Como s\u00e3o consideradas estrat\u00e9gicas dentro do servi\u00e7o p\u00fablico, recebem o abono de perman\u00eancia. Para o minist\u00e9rio \u00e9 mais barato pagar esse adicional, que custa mais de R$ 1 bilh\u00e3o por ano, do que ampliar os gastos com aposentadorias e ter de rep\u00f4r as vagas.<\/p>\n<p>&nbsp;<\/p>\n<p>A determina\u00e7\u00e3o do Minist\u00e9rio da Economia, pelo menos at\u00e9 o fim de 2021, \u00e9 de fazer o m\u00ednimo poss\u00edvel de concursos p\u00fablicos. As sele\u00e7\u00f5es est\u00e3o permitidas apenas para o preenchimento de fun\u00e7\u00f5es consideradas essenciais. Nas contas do governo, n\u00e3o h\u00e1 porque inchar a m\u00e1quina federal, pois, em m\u00e9dia, o Tesouro Nacional banca os servidores por 60 anos. Heckert destaca, ainda, que o avan\u00e7o da tecnologia est\u00e1 permitindo expressiva economia ao governo. Do in\u00edcio de 2019 at\u00e9 agora, a digitaliza\u00e7\u00e3o dos servi\u00e7os permitiu que a sociedade poupasse R$ 1,8 bilh\u00e3o.<\/p>\n<p>&nbsp;<\/p>\n<p>\u201cClaro que vamos continuar precisando de pessoas, mas tudo o que for poss\u00edvel ser\u00e1 automatizado. Dos 3.740 servi\u00e7os prestados pelo governo, 2.231 j\u00e1 est\u00e3o digitalizados\u201d, afirma o secret\u00e1rio. Ele ressalta que \u00e9 preciso olhar cada \u00f3rg\u00e3o do governo de forma isolada nessa quest\u00e3o de pessoal. No Incra, por exemplo, dos 3.547 servidores da ativa, 1.094 estar\u00e3o aptos a se aposentar nos pr\u00f3ximos cinco anos. No Minist\u00e9rio da Cidadania, de 1.457 ativos, apenas 89 reunir\u00e3o condi\u00e7\u00f5es de parar de trabalhar at\u00e9 2025.<\/p>\n<p>&nbsp;<\/p>\n<p><em>Bras\u00edlia, 09h50min<\/em><\/p>\n","protected":false},"excerpt":{"rendered":"<p>Dados coletados pela Secretaria de Gest\u00e3o do Minist\u00e9rio da Economia mostram que, nos pr\u00f3ximos cinco anos, 91.849 servidores do Executivo federal estar\u00e3o em idade de se aposentar. Eles representam 16,2% da for\u00e7a ativa de trabalho, de 564.848 funcion\u00e1rios. Desse total, segundo o boletim estat\u00edstico da administra\u00e7\u00e3o p\u00fablica, que ser\u00e1 lan\u00e7ado nesta quinta-feira, 20.114 poder\u00e3o engrossar [&hellip;]<\/p>\n","protected":false},"author":22,"featured_media":15124,"comment_status":"open","ping_status":"closed","sticky":false,"template":"","format":"standard","meta":{"footnotes":""},"categories":[600],"tags":[3315,4798,4799,3666,123],"class_list":["post-15123","post","type-post","status-publish","format-standard","has-post-thumbnail","hentry","category-economia","tag-aposentadorias","tag-boletim-estatistico","tag-cristiano-heckert","tag-ministerio-da-economia","tag-servidores"],"_links":{"self":[{"href":"https:\/\/blogs.correiobraziliense.com.br\/vicente\/wp-json\/wp\/v2\/posts\/15123","targetHints":{"allow":["GET"]}}],"collection":[{"href":"https:\/\/blogs.correiobraziliense.com.br\/vicente\/wp-json\/wp\/v2\/posts"}],"about":[{"href":"https:\/\/blogs.correiobraziliense.com.br\/vicente\/wp-json\/wp\/v2\/types\/post"}],"author":[{"embeddable":true,"href":"https:\/\/blogs.correiobraziliense.com.br\/vicente\/wp-json\/wp\/v2\/users\/22"}],"replies":[{"embeddable":true,"href":"https:\/\/blogs.correiobraziliense.com.br\/vicente\/wp-json\/wp\/v2\/comments?post=15123"}],"version-history":[{"count":1,"href":"https:\/\/blogs.correiobraziliense.com.br\/vicente\/wp-json\/wp\/v2\/posts\/15123\/revisions"}],"predecessor-version":[{"id":15125,"href":"https:\/\/blogs.correiobraziliense.com.br\/vicente\/wp-json\/wp\/v2\/posts\/15123\/revisions\/15125"}],"wp:featuredmedia":[{"embeddable":true,"href":"https:\/\/blogs.correiobraziliense.com.br\/vicente\/wp-json\/wp\/v2\/media\/15124"}],"wp:attachment":[{"href":"https:\/\/blogs.correiobraziliense.com.br\/vicente\/wp-json\/wp\/v2\/media?parent=15123"}],"wp:term":[{"taxonomy":"category","embeddable":true,"href":"https:\/\/blogs.correiobraziliense.com.br\/vicente\/wp-json\/wp\/v2\/categories?post=15123"},{"taxonomy":"post_tag","embeddable":true,"href":"https:\/\/blogs.correiobraziliense.com.br\/vicente\/wp-json\/wp\/v2\/tags?post=15123"}],"curies":[{"name":"wp","href":"https:\/\/api.w.org\/{rel}","templated":true}]}}