{"id":15112,"date":"2020-08-05T18:49:21","date_gmt":"2020-08-05T21:49:21","guid":{"rendered":"https:\/\/blogs.correiobraziliense.com.br\/vicente\/?p=15112"},"modified":"2020-08-05T19:27:38","modified_gmt":"2020-08-05T22:27:38","slug":"banco-central-ja-cogita-aumentar-a-taxa-de-juros-se-inflacao-subir","status":"publish","type":"post","link":"https:\/\/blogs.correiobraziliense.com.br\/vicente\/banco-central-ja-cogita-aumentar-a-taxa-de-juros-se-inflacao-subir\/","title":{"rendered":"Banco Central j\u00e1 cogita aumentar a taxa de juros se infla\u00e7\u00e3o subir"},"content":{"rendered":"<h2>Apesar de ter optado, de forma un\u00e2nime, por reduzir a taxa b\u00e1sica de juros (Selic) de 2,25% para 2% ao ano nesta quarta-feira (05\/08), o Comit\u00ea de Pol\u00edtica Monet\u00e1ria (Copom), do Banco Central, admitiu a possibilidade de o indicador voltar a subir nos pr\u00f3ximos meses, caso a infla\u00e7\u00e3o comece a recobrar as for\u00e7as.<\/h2>\n<p>&nbsp;<\/p>\n<p>No documento divulgado logo ap\u00f3s a reuni\u00e3o do Copom, o BC ressalta que h\u00e1 riscos para a infla\u00e7\u00e3o, sobretudo em 2021, pois a retra\u00e7\u00e3o da demanda pode ser menor do que a esperada, em fun\u00e7\u00e3o dos programas de complemento de renda criados pelo governo.<\/p>\n<p>&nbsp;<\/p>\n<p>Ou seja, com o consumo acima do projetado, os agentes econ\u00f4micos poder\u00e3o se sentir confort\u00e1veis para promoverem reajustes, o que demandaria uma a\u00e7\u00e3o mais r\u00e1pida do Banco Central. A institui\u00e7\u00e3o acrescenta outros dois motivos motivo para uma poss\u00edvel alta dos juros: o descontrole fiscal e a paralisa\u00e7\u00e3o de reformas estruturais.<\/p>\n<p>&nbsp;<\/p>\n<p>&#8220;Pol\u00edticas fiscais de resposta \u00e0 pandemia que piorem a trajet\u00f3ria fiscal do pa\u00eds de forma prolongada ou frustra\u00e7\u00f5es em rela\u00e7\u00e3o \u00e0 continuidade das reformas podem elevar os pr\u00eamios de risco. Adicionalmente, os diversos programas de est\u00edmulo credit\u00edcio e de recomposi\u00e7\u00e3o de renda, implementados no combate \u00e0 pandemia, podem fazer com que a redu\u00e7\u00e3o da demanda agregada seja menor do que a estimada, adicionando uma assimetria ao balan\u00e7o de riscos.\u00a0Esse conjunto de fatores implica, potencialmente, uma trajet\u00f3ria para a infla\u00e7\u00e3o acima do projetado no horizonte relevante para a pol\u00edtica monet\u00e1ria&#8221;, ressalta, no documento.<\/p>\n<p>&nbsp;<\/p>\n<p><strong>Comunicado &#8220;esquizofr\u00eanico&#8221;<\/strong><\/p>\n<p>&nbsp;<\/p>\n<p>V\u00e1rios analistas consideraram o comunicado p\u00f3s-Copom confuso, &#8220;esquizofr\u00eanico. N\u00e3o sem raz\u00e3o. Ao mesmo tempo que alerta para os riscos de subidas da Selic, o BC indica que pode ainda fazer um corte adicional na taxa, pois as proje\u00e7\u00f5es de infla\u00e7\u00e3o est\u00e3o abaixo das metas. &#8220;O Copom avalia que perseverar no processo de reformas e ajustes necess\u00e1rios na economia brasileira \u00e9 essencial para permitir a recupera\u00e7\u00e3o sustent\u00e1vel da economia&#8221;, frisa.<\/p>\n<p>&nbsp;<\/p>\n<p>Mais: &#8220;O Comit\u00ea ressalta, ainda, que questionamentos sobre a continuidade das reformas e altera\u00e7\u00f5es de car\u00e1ter permanente no processo de ajuste das contas p\u00fablicas podem elevar a taxa de juros estrutural da economia&#8221;. Por outro lado, acrescenta: &#8220;Eventuais ajustes futuros no atual grau de est\u00edmulo (mais cortes nos juros) ocorreriam com gradualismo adicional&#8221;.<\/p>\n<p>&nbsp;<\/p>\n<p>O Banco Central admite a assimetria de riscos. Por isso, n\u00e3o antev\u00ea, por ora,\u00a0redu\u00e7\u00f5es no grau de est\u00edmulo monet\u00e1rio. A menos, \u00e9 claro, que as expectativas de infla\u00e7\u00e3o estejam suficientemente pr\u00f3ximas da meta de infla\u00e7\u00e3o, incluindo o ano de 2021.<\/p>\n<p>&nbsp;<\/p>\n<p><em>Bras\u00edlia, 18h49min<\/em><\/p>\n","protected":false},"excerpt":{"rendered":"<p>Apesar de ter optado, de forma un\u00e2nime, por reduzir a taxa b\u00e1sica de juros (Selic) de 2,25% para 2% ao ano nesta quarta-feira (05\/08), o Comit\u00ea de Pol\u00edtica Monet\u00e1ria (Copom), do Banco Central, admitiu a possibilidade de o indicador voltar a subir nos pr\u00f3ximos meses, caso a infla\u00e7\u00e3o comece a recobrar as for\u00e7as. &nbsp; No [&hellip;]<\/p>\n","protected":false},"author":22,"featured_media":11505,"comment_status":"open","ping_status":"closed","sticky":false,"template":"","format":"standard","meta":{"footnotes":""},"categories":[600],"tags":[992,787,850,3,2901,1158,4792,14,4,34],"class_list":["post-15112","post","type-post","status-publish","format-standard","has-post-thumbnail","hentry","category-economia","tag-992","tag-787","tag-alta","tag-banco-central","tag-comunicado","tag-corte","tag-esquizofrenico","tag-inflacao","tag-juros","tag-selic"],"_links":{"self":[{"href":"https:\/\/blogs.correiobraziliense.com.br\/vicente\/wp-json\/wp\/v2\/posts\/15112","targetHints":{"allow":["GET"]}}],"collection":[{"href":"https:\/\/blogs.correiobraziliense.com.br\/vicente\/wp-json\/wp\/v2\/posts"}],"about":[{"href":"https:\/\/blogs.correiobraziliense.com.br\/vicente\/wp-json\/wp\/v2\/types\/post"}],"author":[{"embeddable":true,"href":"https:\/\/blogs.correiobraziliense.com.br\/vicente\/wp-json\/wp\/v2\/users\/22"}],"replies":[{"embeddable":true,"href":"https:\/\/blogs.correiobraziliense.com.br\/vicente\/wp-json\/wp\/v2\/comments?post=15112"}],"version-history":[{"count":1,"href":"https:\/\/blogs.correiobraziliense.com.br\/vicente\/wp-json\/wp\/v2\/posts\/15112\/revisions"}],"predecessor-version":[{"id":15116,"href":"https:\/\/blogs.correiobraziliense.com.br\/vicente\/wp-json\/wp\/v2\/posts\/15112\/revisions\/15116"}],"wp:featuredmedia":[{"embeddable":true,"href":"https:\/\/blogs.correiobraziliense.com.br\/vicente\/wp-json\/wp\/v2\/media\/11505"}],"wp:attachment":[{"href":"https:\/\/blogs.correiobraziliense.com.br\/vicente\/wp-json\/wp\/v2\/media?parent=15112"}],"wp:term":[{"taxonomy":"category","embeddable":true,"href":"https:\/\/blogs.correiobraziliense.com.br\/vicente\/wp-json\/wp\/v2\/categories?post=15112"},{"taxonomy":"post_tag","embeddable":true,"href":"https:\/\/blogs.correiobraziliense.com.br\/vicente\/wp-json\/wp\/v2\/tags?post=15112"}],"curies":[{"name":"wp","href":"https:\/\/api.w.org\/{rel}","templated":true}]}}