{"id":15106,"date":"2020-08-04T20:22:20","date_gmt":"2020-08-04T23:22:20","guid":{"rendered":"https:\/\/blogs.correiobraziliense.com.br\/vicente\/?p=15106"},"modified":"2020-08-04T20:54:55","modified_gmt":"2020-08-04T23:54:55","slug":"teoria-da-conspiracao-no-bb-sugere-que-bolsonaro-desistiu-de-andre-brandao","status":"publish","type":"post","link":"https:\/\/blogs.correiobraziliense.com.br\/vicente\/teoria-da-conspiracao-no-bb-sugere-que-bolsonaro-desistiu-de-andre-brandao\/","title":{"rendered":"Teoria da conspira\u00e7\u00e3o no BB sugere que Bolsonaro desistiu de Andr\u00e9 Brand\u00e3o"},"content":{"rendered":"<h2>A ter\u00e7a-feira (04\/08) foi marcada pela teoria da conspira\u00e7\u00e3o dentro do Banco do Brasil. Sem a confirma\u00e7\u00e3o efetiva, por parte do presidente Jair Bolsonaro, do nome do executivo Andr\u00e9 Brand\u00e3o para a presid\u00eancia da institui\u00e7\u00e3o, interessados no cargo come\u00e7aram a ventilar a possibilidade de o escolhido pelo ministro Paulo Guedes ter sido abandonado no meio do caminho.<\/h2>\n<p>&nbsp;<\/p>\n<p>Guedes garante que a escolha de Brand\u00e3o para o comando do Banco do Brasil est\u00e1 fechada \u2014 ele passou o fim de semana confirmando isso para muita gente \u2014, mas a demora para a efetiva\u00e7\u00e3o do nome por Bolsonaro alimentou o burburinho de que a substitui\u00e7\u00e3o de Rubem Novaes pode tomar outro rumo.<\/p>\n<p>&nbsp;<\/p>\n<p>Os interessados em alimentar a teoria da conspira\u00e7\u00e3o de que Andr\u00e9 Brand\u00e3o pode n\u00e3o assumir a presid\u00eancia do BB usam a declara\u00e7\u00e3o de Bolsonaro no fim de semana. O presidente disse que, &#8220;a princ\u00edpio&#8221;, o ex-presidente do HSBC Brasil e atual diretor de Global Banking e Markets para as Am\u00e9ricas da institui\u00e7\u00e3o comandar\u00e1 o Banco do Brasil.<\/p>\n<p>&nbsp;<\/p>\n<p>&#8220;Falei hoje (domingo) com o Paulo Guedes, e, a princ\u00edpio, \u00e9 ele. Vou falar com o Paulo Guedes amanh\u00e3 (segunda). Voc\u00ea sabe que eu tenho total confian\u00e7a no Paulo Guedes, e ele que sabe como deve funcionar o Banco do Brasil&#8221;, frisou Bolsonaro.<\/p>\n<p>&nbsp;<\/p>\n<p><strong>Caminho entulhado de burocracia\u00a0<\/strong><\/p>\n<p>&nbsp;<\/p>\n<p>Quem conhece bem os tr\u00e2mites para a nomea\u00e7\u00e3o do presidente do Banco do Brasil sabe que o processo \u00e9 complexo e burocr\u00e1tico. H\u00e1 um longo caminho a ser percorrido, cheio de of\u00edcios da Casa Civil para o Banco do Brasil, da institui\u00e7\u00e3o para o Planalto, da sede do governo para o Di\u00e1rio Oficial e do BB para \u00e0 Comiss\u00e3o de Valores Mobili\u00e1rios (CVM).<\/p>\n<p>&nbsp;<\/p>\n<p>&#8220;Posso dizer que o comportamento do governo neste momento em rela\u00e7\u00e3o ao Banco do Brasil \u00e9 correto. Qualquer declara\u00e7\u00e3o fora de contexto pode estimular especula\u00e7\u00f5es no mercado, pois o BB tem a\u00e7\u00f5es negociadas em Bolsa&#8221;, explica um t\u00e9cnico. Al\u00e9m disso, a institui\u00e7\u00e3o est\u00e1 em per\u00edodo de sil\u00eancio, pois deve publicar o balan\u00e7o do segundo trimestre ainda nesta semana.<\/p>\n<p>&nbsp;<\/p>\n<p>Por conta das declara\u00e7\u00f5es de Bolsonaro no domingo, a CVM, \u00f3rg\u00e3o de fiscaliza e regula o mercado de capitais, questionou o Banco do Brasil sobre a indica\u00e7\u00e3o de Andr\u00e9 Brand\u00e3o para o comando da institui\u00e7\u00e3o. Em resposta \u00e0 indaga\u00e7\u00e3o, o BB disse que a decis\u00e3o cabe ao presidente da Rep\u00fablica.<\/p>\n<p>&nbsp;<\/p>\n<p><em>Bras\u00edlia, 20h22min<\/em><\/p>\n","protected":false},"excerpt":{"rendered":"<p>A ter\u00e7a-feira (04\/08) foi marcada pela teoria da conspira\u00e7\u00e3o dentro do Banco do Brasil. Sem a confirma\u00e7\u00e3o efetiva, por parte do presidente Jair Bolsonaro, do nome do executivo Andr\u00e9 Brand\u00e3o para a presid\u00eancia da institui\u00e7\u00e3o, interessados no cargo come\u00e7aram a ventilar a possibilidade de o escolhido pelo ministro Paulo Guedes ter sido abandonado no meio [&hellip;]<\/p>\n","protected":false},"author":22,"featured_media":11451,"comment_status":"open","ping_status":"closed","sticky":false,"template":"","format":"standard","meta":{"footnotes":""},"categories":[600],"tags":[4789,229,2554,4791,3032,92,4790],"class_list":["post-15106","post","type-post","status-publish","format-standard","has-post-thumbnail","hentry","category-economia","tag-andre-brandao","tag-banco-do-brasil","tag-bolsonaro","tag-conspiracao","tag-nomeacao","tag-presidencia","tag-teoria"],"_links":{"self":[{"href":"https:\/\/blogs.correiobraziliense.com.br\/vicente\/wp-json\/wp\/v2\/posts\/15106","targetHints":{"allow":["GET"]}}],"collection":[{"href":"https:\/\/blogs.correiobraziliense.com.br\/vicente\/wp-json\/wp\/v2\/posts"}],"about":[{"href":"https:\/\/blogs.correiobraziliense.com.br\/vicente\/wp-json\/wp\/v2\/types\/post"}],"author":[{"embeddable":true,"href":"https:\/\/blogs.correiobraziliense.com.br\/vicente\/wp-json\/wp\/v2\/users\/22"}],"replies":[{"embeddable":true,"href":"https:\/\/blogs.correiobraziliense.com.br\/vicente\/wp-json\/wp\/v2\/comments?post=15106"}],"version-history":[{"count":1,"href":"https:\/\/blogs.correiobraziliense.com.br\/vicente\/wp-json\/wp\/v2\/posts\/15106\/revisions"}],"predecessor-version":[{"id":15107,"href":"https:\/\/blogs.correiobraziliense.com.br\/vicente\/wp-json\/wp\/v2\/posts\/15106\/revisions\/15107"}],"wp:featuredmedia":[{"embeddable":true,"href":"https:\/\/blogs.correiobraziliense.com.br\/vicente\/wp-json\/wp\/v2\/media\/11451"}],"wp:attachment":[{"href":"https:\/\/blogs.correiobraziliense.com.br\/vicente\/wp-json\/wp\/v2\/media?parent=15106"}],"wp:term":[{"taxonomy":"category","embeddable":true,"href":"https:\/\/blogs.correiobraziliense.com.br\/vicente\/wp-json\/wp\/v2\/categories?post=15106"},{"taxonomy":"post_tag","embeddable":true,"href":"https:\/\/blogs.correiobraziliense.com.br\/vicente\/wp-json\/wp\/v2\/tags?post=15106"}],"curies":[{"name":"wp","href":"https:\/\/api.w.org\/{rel}","templated":true}]}}