{"id":15104,"date":"2020-08-04T18:14:13","date_gmt":"2020-08-04T21:14:13","guid":{"rendered":"https:\/\/blogs.correiobraziliense.com.br\/vicente\/?p=15104"},"modified":"2020-08-04T20:22:23","modified_gmt":"2020-08-04T23:22:23","slug":"justica-acolhe-recurso-fora-do-prazo-e-favorece-fundacao-universa","status":"publish","type":"post","link":"https:\/\/blogs.correiobraziliense.com.br\/vicente\/justica-acolhe-recurso-fora-do-prazo-e-favorece-fundacao-universa\/","title":{"rendered":"Justi\u00e7a acolhe recurso fora do prazo e favorece Funda\u00e7\u00e3o Universa"},"content":{"rendered":"<h2>O Tribunal de Justi\u00e7a do Distrito Federal (TJDFT) julgar\u00e1, nesta quarta-feira (05\/08), a interposi\u00e7\u00e3o de recurso apresentada pela Funda\u00e7\u00e3o Universa, especializada em concursos p\u00fablicos, relativa \u00e0 reintegra\u00e7\u00e3o de posse de terreno, em Bras\u00edlia, que pertence\u00a0\u00e0 Sociedade de Ensino e Benefic\u00eancia (SEB).<\/h2>\n<p>&nbsp;<\/p>\n<p>No in\u00edcio do ano, a Corte havia determinado \u00e0 Universa, al\u00e9m da devolu\u00e7\u00e3o do im\u00f3vel, o ressarcimento de d\u00edvidas referentes ao contrato de arrendamento da \u00e1rea, assim como de valores referentes a impostos, contas de luz e \u00e1gua.<\/p>\n<p>&nbsp;<\/p>\n<p>O relator do caso, o desembargador Romeu Neiva, que havia decidido contrariamente \u00e0 entidade, mesmo com a entrega da apela\u00e7\u00e3o fora do prazo, acolheu o pedido da Universa, suspendendo a senten\u00e7a anterior. A expectativa, agora, \u00e9 que Neiva revise a decis\u00e3o ou que o agravo seja julgado no \u00f3rg\u00e3o colegiado.<\/p>\n<p>&nbsp;<\/p>\n<p>Desde 2013, a Funda\u00e7\u00e3o vem descumprindo o contrato junto \u00e0 SEB, relativo ao arrendamento de terreno com mais de 15 mil m\u00b2, na Asa Norte. A d\u00edvida soma quase de R$ 3 milh\u00f5es. Em virtude da inadimpl\u00eancia do arrendador, a SEB teve que arcar com parte dos d\u00e9bitos e ainda teve bens bloqueados.<\/p>\n<p>&nbsp;<\/p>\n<p>N\u00e3o custa lembrar: tramitam na Justi\u00e7a, cerca de 500 a\u00e7\u00f5es processuais contra a Funiversa.<\/p>\n<p>&nbsp;<\/p>\n<p><em>Bras\u00edlia, 18h14min<\/em><\/p>\n","protected":false},"excerpt":{"rendered":"<p>O Tribunal de Justi\u00e7a do Distrito Federal (TJDFT) julgar\u00e1, nesta quarta-feira (05\/08), a interposi\u00e7\u00e3o de recurso apresentada pela Funda\u00e7\u00e3o Universa, especializada em concursos p\u00fablicos, relativa \u00e0 reintegra\u00e7\u00e3o de posse de terreno, em Bras\u00edlia, que pertence\u00a0\u00e0 Sociedade de Ensino e Benefic\u00eancia (SEB). &nbsp; No in\u00edcio do ano, a Corte havia determinado \u00e0 Universa, al\u00e9m da devolu\u00e7\u00e3o [&hellip;]<\/p>\n","protected":false},"author":22,"featured_media":0,"comment_status":"open","ping_status":"closed","sticky":false,"template":"","format":"standard","meta":{"footnotes":""},"categories":[600],"tags":[3984,282,2290,3067,4787,4788,738,4786],"class_list":["post-15104","post","type-post","status-publish","format-standard","hentry","category-economia","tag-fundacao","tag-justica","tag-posse","tag-processo","tag-seb","tag-terreno","tag-tjdft","tag-universa"],"_links":{"self":[{"href":"https:\/\/blogs.correiobraziliense.com.br\/vicente\/wp-json\/wp\/v2\/posts\/15104","targetHints":{"allow":["GET"]}}],"collection":[{"href":"https:\/\/blogs.correiobraziliense.com.br\/vicente\/wp-json\/wp\/v2\/posts"}],"about":[{"href":"https:\/\/blogs.correiobraziliense.com.br\/vicente\/wp-json\/wp\/v2\/types\/post"}],"author":[{"embeddable":true,"href":"https:\/\/blogs.correiobraziliense.com.br\/vicente\/wp-json\/wp\/v2\/users\/22"}],"replies":[{"embeddable":true,"href":"https:\/\/blogs.correiobraziliense.com.br\/vicente\/wp-json\/wp\/v2\/comments?post=15104"}],"version-history":[{"count":1,"href":"https:\/\/blogs.correiobraziliense.com.br\/vicente\/wp-json\/wp\/v2\/posts\/15104\/revisions"}],"predecessor-version":[{"id":15105,"href":"https:\/\/blogs.correiobraziliense.com.br\/vicente\/wp-json\/wp\/v2\/posts\/15104\/revisions\/15105"}],"wp:attachment":[{"href":"https:\/\/blogs.correiobraziliense.com.br\/vicente\/wp-json\/wp\/v2\/media?parent=15104"}],"wp:term":[{"taxonomy":"category","embeddable":true,"href":"https:\/\/blogs.correiobraziliense.com.br\/vicente\/wp-json\/wp\/v2\/categories?post=15104"},{"taxonomy":"post_tag","embeddable":true,"href":"https:\/\/blogs.correiobraziliense.com.br\/vicente\/wp-json\/wp\/v2\/tags?post=15104"}],"curies":[{"name":"wp","href":"https:\/\/api.w.org\/{rel}","templated":true}]}}