{"id":15043,"date":"2020-07-31T15:14:24","date_gmt":"2020-07-31T18:14:24","guid":{"rendered":"https:\/\/blogs.correiobraziliense.com.br\/vicente\/?p=15043"},"modified":"2020-07-31T17:51:49","modified_gmt":"2020-07-31T20:51:49","slug":"abraham-weintraub-nao-devera-esquentar-a-cadeira-no-banco-mundial","status":"publish","type":"post","link":"https:\/\/blogs.correiobraziliense.com.br\/vicente\/abraham-weintraub-nao-devera-esquentar-a-cadeira-no-banco-mundial\/","title":{"rendered":"Abraham Weintraub n\u00e3o dever\u00e1 esquentar a cadeira no Banco Mundial"},"content":{"rendered":"<h2>ROSANA HESSEL<\/h2>\n<h2><\/h2>\n<h2>Apesar de ter sido confirmado oficialmente como diretor executivo do Conselho do Banco Mundial (Bird), o ex-ministro da Educa\u00e7\u00e3o, o economista Abraham Weintraub, mal conseguir\u00e1 esquentar a cadeira no cargo, segundo fontes pr\u00f3ximas \u00e0 institui\u00e7\u00e3o.\u00a0Resta muito pouco tempo para o mandato dele expirar, em 31 de outubro. E, al\u00e9m disso, o Bird entrar\u00e1 em recesso em agosto e, portanto, o ex-ministro dever\u00e1 come\u00e7ar a trabalhar de verdade em setembro.<\/h2>\n<p>&nbsp;<\/p>\n<p>A expectativa \u00e9 que Weintraub tome posse na pr\u00f3xima semana. Procurada, a assessoria da institui\u00e7\u00e3o sediada em Washington confirmou que o \u00f3rg\u00e3o entrar\u00e1 em recesso no m\u00eas que vem. Contudo, o per\u00edodo de vac\u00e2ncia ocorrer\u00e1 entre os dias 10 e 21 de julho.<\/p>\n<p>&nbsp;<\/p>\n<p>Conforme dados do calend\u00e1rio do Conselho do Bird, apesar de\u00a0haver reuni\u00f5es na primeira semana de agosto, a \u00fanica em que o Brasil deve apresentar um projeto que ser\u00e1 objeto da pauta est\u00e1 prevista para o dia 27. Os membros do Conselho participam de todas a reuni\u00f5es, de acordo com a assessoria do \u00f3rg\u00e3o. Ap\u00f3s o fim do recesso, est\u00e3o previstas cinco reuni\u00f5es entre os dias 25 e 31 de agosto.<\/p>\n<p>&nbsp;<\/p>\n<p><strong>Elei\u00e7\u00e3o<\/strong><\/p>\n<p>&nbsp;<\/p>\n<p>Na noite de ontem (30\/07), o Banco Mundial confirmou o fim do processo eleitoral para a aprova\u00e7\u00e3o do nome de Weintraub pelo grupo de pa\u00edses, conhecido como &#8220;<i>constituency&#8221;, <\/i>que \u00e9 presentando Brasil, Col\u00f4mbia, Rep\u00fablica Dominicana, Equador, Haiti, Panam\u00e1, Filipinas, Suriname e Trinidad e Tobago.<\/p>\n<p>&nbsp;<\/p>\n<p>Ao ser questionado se o resultado da elei\u00e7\u00e3o foi un\u00e2nime, o Bird n\u00e3o comentou o assunto.\u00a0&#8220;Para preservar a integridade do voto, os registros de voto para elei\u00e7\u00f5es dos grupos de pa\u00edses (<em>constituency<\/em>) n\u00e3o s\u00e3o abertos&#8221;, informou a assessoria da institui\u00e7\u00e3o.<\/p>\n<p>&nbsp;<\/p>\n<p>De acordo com informa\u00e7\u00f5es do Banco Mundial, a diretoria executiva do Conselho n\u00e3o faz parte do corpo de funcion\u00e1rios contratados pela institui\u00e7\u00e3o. E, para permanecer no cargo, o nome de Weintraub precisar\u00e1 passar novamente pelo processo de elei\u00e7\u00e3o que, normalmente, dura umas quatro semanas.<\/p>\n<p>&nbsp;<\/p>\n<p>A remunera\u00e7\u00e3o anual para os diretores executivos do Conselho \u00e9 de US$\u00a0258,57 mil, o que, pelo c\u00e2mbio atual de R$ 5,20, equivale a um sal\u00e1rio de R$ 1,344 milh\u00e3o por ano.<\/p>\n<p>&nbsp;<\/p>\n<p><strong>Poder de voto<\/strong><\/p>\n<p>&nbsp;<\/p>\n<p>O Brasil lidera esse grupo de 10 pa\u00edses porque possui 54,3% da participa\u00e7\u00e3o do poder de voto. Logo, n\u00e3o teve dificuldade em aprovar o nome de Weintraub. Contudo, a praxe sempre foi fazer uma nomea\u00e7\u00e3o depois que exista um consenso entre todos os integrantes do grupo, afim de n\u00e3o haver constrangimento ao indicado.<\/p>\n<p>&nbsp;<\/p>\n<p>Conselho do Banco Mundial possui 25 diretorias executivas. Estados Unidos, Jap\u00e3o, China e Alemanha possuem cadeiras individuais por serem os maiores cotistas do banco. Fran\u00e7a e Reino Unido compartilham um assento e os demais s\u00e3o divididos em v\u00e1rios grupos.\u00a0\u00a0No caso da diretoria executiva do grupo brasileiro, o assento estava vago desde o fim do ano passado. O poder de voto desses 10 pa\u00edses \u00e9 de 3,66%. China, sozinha, tem 4,72%.<\/p>\n<p>&nbsp;<\/p>\n<p>Quando Weintraub foi escolhido pelo presidente Jair Bolsonaro para a diretoria executiva do Conselho do Bird, no entanto, funcion\u00e1rios da institui\u00e7\u00e3o protestaram contra a indica\u00e7\u00e3o e enviaram cartas aos nove pa\u00edses-membros do grupo liderado pelo Brasil para tentarem barrar a elei\u00e7\u00e3o. Essa mobiliza\u00e7\u00e3o mostra bem que o economista, que tem vis\u00f5es pol\u00eamicas e antiglobalistas, n\u00e3o ser\u00e1 muito bem-vindo no Bird, que zela, tradicionalmente, pelo multilateralismo e pela diplomacia.<\/p>\n<p>&nbsp;<\/p>\n<p>At\u00e9 a ida de Weintraub para os Estados Unidos teve um contexto pol\u00eamico. Ele\u00a0 viajou em 18 de junho para assumir o cargo do Banco Mundial e teve a entrada nos EUA facilitada pelo Minist\u00e9rio das Rela\u00e7\u00f5es Exteriores, conforme informa\u00e7\u00f5es divulgadas pelo <em>UOL<\/em> com base em um pedido feito pela Lei de Acesso \u00e0 Informa\u00e7\u00e3o (LAI).<\/p>\n<p>&nbsp;<\/p>\n<p>&nbsp;<\/p>\n","protected":false},"excerpt":{"rendered":"<p>ROSANA HESSEL Apesar de ter sido confirmado oficialmente como diretor executivo do Conselho do Banco Mundial (Bird), o ex-ministro da Educa\u00e7\u00e3o, o economista Abraham Weintraub, mal conseguir\u00e1 esquentar a cadeira no cargo, segundo fontes pr\u00f3ximas \u00e0 institui\u00e7\u00e3o.\u00a0Resta muito pouco tempo para o mandato dele expirar, em 31 de outubro. E, al\u00e9m disso, o Bird entrar\u00e1 [&hellip;]<\/p>\n","protected":false},"author":22,"featured_media":14303,"comment_status":"open","ping_status":"closed","sticky":false,"template":"","format":"standard","meta":{"footnotes":""},"categories":[600],"tags":[1704,3815,3481,363,4333],"class_list":["post-15043","post","type-post","status-publish","format-standard","has-post-thumbnail","hentry","category-economia","tag-banco-mundial","tag-conselho","tag-eleicao","tag-estados-unidos","tag-weintraub"],"_links":{"self":[{"href":"https:\/\/blogs.correiobraziliense.com.br\/vicente\/wp-json\/wp\/v2\/posts\/15043","targetHints":{"allow":["GET"]}}],"collection":[{"href":"https:\/\/blogs.correiobraziliense.com.br\/vicente\/wp-json\/wp\/v2\/posts"}],"about":[{"href":"https:\/\/blogs.correiobraziliense.com.br\/vicente\/wp-json\/wp\/v2\/types\/post"}],"author":[{"embeddable":true,"href":"https:\/\/blogs.correiobraziliense.com.br\/vicente\/wp-json\/wp\/v2\/users\/22"}],"replies":[{"embeddable":true,"href":"https:\/\/blogs.correiobraziliense.com.br\/vicente\/wp-json\/wp\/v2\/comments?post=15043"}],"version-history":[{"count":6,"href":"https:\/\/blogs.correiobraziliense.com.br\/vicente\/wp-json\/wp\/v2\/posts\/15043\/revisions"}],"predecessor-version":[{"id":15050,"href":"https:\/\/blogs.correiobraziliense.com.br\/vicente\/wp-json\/wp\/v2\/posts\/15043\/revisions\/15050"}],"wp:featuredmedia":[{"embeddable":true,"href":"https:\/\/blogs.correiobraziliense.com.br\/vicente\/wp-json\/wp\/v2\/media\/14303"}],"wp:attachment":[{"href":"https:\/\/blogs.correiobraziliense.com.br\/vicente\/wp-json\/wp\/v2\/media?parent=15043"}],"wp:term":[{"taxonomy":"category","embeddable":true,"href":"https:\/\/blogs.correiobraziliense.com.br\/vicente\/wp-json\/wp\/v2\/categories?post=15043"},{"taxonomy":"post_tag","embeddable":true,"href":"https:\/\/blogs.correiobraziliense.com.br\/vicente\/wp-json\/wp\/v2\/tags?post=15043"}],"curies":[{"name":"wp","href":"https:\/\/api.w.org\/{rel}","templated":true}]}}