{"id":15033,"date":"2020-07-31T11:05:03","date_gmt":"2020-07-31T14:05:03","guid":{"rendered":"https:\/\/blogs.correiobraziliense.com.br\/vicente\/?p=15033"},"modified":"2020-07-31T20:22:41","modified_gmt":"2020-07-31T23:22:41","slug":"ue-mergulha-em-recessao-historica-devido-a-pandemia","status":"publish","type":"post","link":"https:\/\/blogs.correiobraziliense.com.br\/vicente\/ue-mergulha-em-recessao-historica-devido-a-pandemia\/","title":{"rendered":"UE mergulha em recess\u00e3o hist\u00f3rica devido \u00e0 pandemia"},"content":{"rendered":"<p><span style=\"font-weight: 400\">ROSANA HESSEL<\/span><\/p>\n<p>&nbsp;<\/p>\n<p><span style=\"font-weight: 400\">Enquanto a Europa j\u00e1 registra casos de uma segunda onda de cont\u00e1gio pandemia de covid-19, os estragos econ\u00f4micos da primeira onda est\u00e3o sendo sentidos pela Uni\u00e3o Europeia, que est\u00e1 oficialmente em recess\u00e3o ap\u00f3s a confirma\u00e7\u00e3o de dois trimestres consecutivos de queda. O processo de retomada, segundo analistas, ainda \u00e9 incerto.<\/span><\/p>\n<p>&nbsp;<\/p>\n<p><span style=\"font-weight: 400\">Conforme dados do Escrit\u00f3rio Europeu de Estat\u00edsticas (Eurostat) divulgados nesta sexta-feira (31\/07), o Produto Interno Bruto (PIB) da Zona do Euro registrou queda hist\u00f3rica de 12,1% no segundo trimestre de 2020, como resultado das medidas de confinamento em meio \u00e0 pandemia global. O dado referente \u00e0 varia\u00e7\u00e3o em rela\u00e7\u00e3o ao trimestre imediatamente anterior ficou em linha com as estimativas de mercado.<\/span><\/p>\n<p>&nbsp;<\/p>\n<p><span style=\"font-weight: 400\">O Eurostat informou no comunicado que \u00e9 o bloco europeu atravessa a maior e mais importante retra\u00e7\u00e3o econ\u00f4mica desde o in\u00edcio da s\u00e9rie hist\u00f3rica, em 1995. No primeiro trimestre do ano, o recuo do PIB dos 19 pa\u00edses que compartilham o euro como moeda \u00fanica foi de 3,6%. J\u00e1 no\u00a0<\/span><span style=\"font-weight: 400\">conjunto dos 27 pa\u00edses da Uni\u00e3o Europeia (UE), o PIB caiu 11,9% no segundo trimestre.\u00a0 Nos primeiros tr\u00eas meses do ano, PIB da UE recuou 3,2%.\u00a0\u00a0<\/span><\/p>\n<p>&nbsp;<\/p>\n<p>Na compara\u00e7\u00e3o com o segundo trimestre de 2019, a queda do PIB da Zona do Euro foi de 15%. J\u00e1 o PIB da Uni\u00e3o Europeia encolheu 14,4% na mesma base de compara\u00e7\u00e3o.<\/p>\n<p>&nbsp;<\/p>\n<p><span style=\"font-weight: 400\">A\u00a0<\/span><span style=\"font-weight: 400\">consultoria Oxford Economics destacou que os dados do segundo trimestre confirmaram que o resultado do PIB da Eurozona fez o grupo registrar \u201ca pior recess\u00e3o em sua curta hist\u00f3ria\u201d no primeiro semestre, com queda acumulada de mais de 15% de janeiro a junho.\u00a0<\/span><span style=\"font-weight: 400\">\u201cO cen\u00e1rio \u00e9 ainda mais sombrio se considerarmos o PIB per capita, que para o bloco como um todo est\u00e1 agora em linha com o do in\u00edcio dos anos 2000\u201d, informou a nota da companhia.<\/span><\/p>\n<p>&nbsp;<\/p>\n<p>Conforme os dados da Oxford, o resultado do segundo trimestre n\u00e3o diz muito sobre a recupera\u00e7\u00e3o em andamento e sua intensidade. &#8220;Os dados recentes, como consumo e vendas no varejo, permanecem positivos e apontam para uma\u00a0recupera\u00e7\u00e3o mec\u00e2nica no terceiro trimestre, mas sua magnitude ainda est\u00e1 sujeita a\u00a0incerteza&#8221;, segundo o documento. A consultoria ainda frisou que, daqui para frente, a retomada &#8220;pode ser mais lenta do que a experimentada at\u00e9 agora&#8221;.<\/p>\n<p>&nbsp;<\/p>\n<p><strong>Queda generalizada<\/strong><\/p>\n<p>&nbsp;<\/p>\n<p><span style=\"font-weight: 400\">Ap\u00f3s a Alemanha, \u00c1ustria e B\u00e9lgica computarem quedas em seus respectivos PIBs no segundo trimestre, de 10,1%, 10,7% e de 12,2%, respectivamente, hoje foi a vez da divulga\u00e7\u00e3o dos resultados do PIB entre abril e junho de It\u00e1lia (-12,4%), Fran\u00e7a (-13,8%), Portugal (-14,1%) e\u00a0 Espanha (-18,5%).\u00a0<\/span><\/p>\n<p>&nbsp;<\/p>\n<p><span style=\"font-weight: 400\">As estimativas da Comiss\u00e3o Europeia para o PIB da Zona do Euro s\u00e3o de queda de 8,7%, com alta de 6,1% do PIB em 2021. Pelas previs\u00f5es da consultoria Oxford Economics, o PIB da zona do Euro dever\u00e1 recuar 8% neste ano.<\/span><\/p>\n","protected":false},"excerpt":{"rendered":"<p>ROSANA HESSEL &nbsp; Enquanto a Europa j\u00e1 registra casos de uma segunda onda de cont\u00e1gio pandemia de covid-19, os estragos econ\u00f4micos da primeira onda est\u00e3o sendo sentidos pela Uni\u00e3o Europeia, que est\u00e1 oficialmente em recess\u00e3o ap\u00f3s a confirma\u00e7\u00e3o de dois trimestres consecutivos de queda. O processo de retomada, segundo analistas, ainda \u00e9 incerto. &nbsp; Conforme [&hellip;]<\/p>\n","protected":false},"author":22,"featured_media":0,"comment_status":"open","ping_status":"closed","sticky":false,"template":"","format":"standard","meta":{"footnotes":""},"categories":[600],"tags":[4775,4774,4776,58,31],"class_list":["post-15033","post","type-post","status-publish","format-standard","hentry","category-economia","tag-eurostat","tag-eurozona","tag-oxford-economics","tag-pib","tag-recessao"],"_links":{"self":[{"href":"https:\/\/blogs.correiobraziliense.com.br\/vicente\/wp-json\/wp\/v2\/posts\/15033","targetHints":{"allow":["GET"]}}],"collection":[{"href":"https:\/\/blogs.correiobraziliense.com.br\/vicente\/wp-json\/wp\/v2\/posts"}],"about":[{"href":"https:\/\/blogs.correiobraziliense.com.br\/vicente\/wp-json\/wp\/v2\/types\/post"}],"author":[{"embeddable":true,"href":"https:\/\/blogs.correiobraziliense.com.br\/vicente\/wp-json\/wp\/v2\/users\/22"}],"replies":[{"embeddable":true,"href":"https:\/\/blogs.correiobraziliense.com.br\/vicente\/wp-json\/wp\/v2\/comments?post=15033"}],"version-history":[{"count":7,"href":"https:\/\/blogs.correiobraziliense.com.br\/vicente\/wp-json\/wp\/v2\/posts\/15033\/revisions"}],"predecessor-version":[{"id":15060,"href":"https:\/\/blogs.correiobraziliense.com.br\/vicente\/wp-json\/wp\/v2\/posts\/15033\/revisions\/15060"}],"wp:attachment":[{"href":"https:\/\/blogs.correiobraziliense.com.br\/vicente\/wp-json\/wp\/v2\/media?parent=15033"}],"wp:term":[{"taxonomy":"category","embeddable":true,"href":"https:\/\/blogs.correiobraziliense.com.br\/vicente\/wp-json\/wp\/v2\/categories?post=15033"},{"taxonomy":"post_tag","embeddable":true,"href":"https:\/\/blogs.correiobraziliense.com.br\/vicente\/wp-json\/wp\/v2\/tags?post=15033"}],"curies":[{"name":"wp","href":"https:\/\/api.w.org\/{rel}","templated":true}]}}